{"id":65496,"date":"2026-01-29T16:07:38","date_gmt":"2026-01-29T19:07:38","guid":{"rendered":"https:\/\/hablemosclarotdf.com.ar\/?p=65496"},"modified":"2026-01-29T16:07:38","modified_gmt":"2026-01-29T19:07:38","slug":"rio-grande-vacaciones-en-el-parque-renueva-su-agenda-este-fin-de-semana-en-el-parque-de-los-100-anos","status":"publish","type":"post","link":"https:\/\/hablemosclarotdf.com.ar\/?p=65496","title":{"rendered":"RIO GRANDE : \u201cVACACIONES EN EL PARQUE\u201d RENUEVA SU AGENDA ESTE FIN DE SEMANA EN EL PARQUE DE LOS 100 A\u00d1OS"},"content":{"rendered":"<p>En el marco de las pol\u00edticas p\u00fablicas impulsadas por la gesti\u00f3n del intendente Mart\u00edn Perez, el Municipio de R\u00edo Grande invita a la comunidad a disfrutar de una nueva edici\u00f3n de \u201cVacaciones en el Parque\u201d, el cual se desarrollar\u00e1 este fin de semana en el \u201cParque de los 100 A\u00f1os\u201d con propuestas culturales, recreativas y solidarias para compartir en familia durante la temporada de verano.<\/p>\n<p>Desde su 1\u00b0 edici\u00f3n, la propuesta tuvo una gran aceptaci\u00f3n por parte de vecinos y vecinas, consolid\u00e1ndose como un espacio de encuentro y disfrute para la comunidad. Fin de semana tras fin de semana, \u201cVacaciones en el Parque\u201d contin\u00faa incrementando su convocatoria, reafirmando el rol de los espacios p\u00fablicos como \u00e1mbitos de participaci\u00f3n, acompa\u00f1amiento a los emprendimientos locales -a trav\u00e9s del Parque Gastron\u00f3mico- y propuestas pensadas para todas las edades.<\/p>\n<p>Durante el viernes y el s\u00e1bado, los espect\u00e1culos musicales se realizar\u00e1n a partir de las 20 horas y se extender\u00e1n hasta las 00 horas, con la presentaci\u00f3n de la Banda &#8220;1038&#8221;, DJ Alejandro Cerd\u00e1 y DJ Mario Antieco, qui\u00e9n ofrecer\u00e1 un recorrido musical a trav\u00e9s de \u201cLa Biblia del Dance\u201d.<\/p>\n<p>En tanto, el domingo, de 17 a 20 horas, se desarrollar\u00e1 una propuesta recreativa destinada a las infancias, que incluir\u00e1 actividades l\u00fadicas a cargo de Lucars, promoviendo el juego, el aprendizaje y el uso responsable del espacio p\u00fablico. La misma estar\u00e1 sujeta a las condiciones clim\u00e1ticas del d\u00eda.<\/p>\n<p>Cabe destacar que \u201cVacaciones en el Parque\u201d se llevar\u00e1 adelante durante enero y febrero, con la participaci\u00f3n de 21 carros gastron\u00f3micos y cerveceros habilitados, adem\u00e1s de propuestas culturales nocturnas y actividades diurnas especialmente pensadas para ni\u00f1as y ni\u00f1os.<\/p>\n<p><img loading=\"lazy\" decoding=\"async\" class=\"alignnone size-medium wp-image-65498\" src=\"https:\/\/hablemosclarotdf.com.ar\/wp-content\/uploads\/2026\/01\/photo_2026-01-29_16-06-33-300x200.jpg\" alt=\"\" width=\"300\" height=\"200\" srcset=\"https:\/\/hablemosclarotdf.com.ar\/wp-content\/uploads\/2026\/01\/photo_2026-01-29_16-06-33-300x200.jpg 300w, https:\/\/hablemosclarotdf.com.ar\/wp-content\/uploads\/2026\/01\/photo_2026-01-29_16-06-33-1024x682.jpg 1024w, https:\/\/hablemosclarotdf.com.ar\/wp-content\/uploads\/2026\/01\/photo_2026-01-29_16-06-33-768x511.jpg 768w, https:\/\/hablemosclarotdf.com.ar\/wp-content\/uploads\/2026\/01\/photo_2026-01-29_16-06-33.jpg 1280w\" sizes=\"auto, (max-width: 300px) 100vw, 300px\" \/> <img loading=\"lazy\" decoding=\"async\" class=\"alignnone size-medium wp-image-65499\" src=\"https:\/\/hablemosclarotdf.com.ar\/wp-content\/uploads\/2026\/01\/photo_2026-01-29_16-06-38-300x200.jpg\" alt=\"\" width=\"300\" height=\"200\" srcset=\"https:\/\/hablemosclarotdf.com.ar\/wp-content\/uploads\/2026\/01\/photo_2026-01-29_16-06-38-300x200.jpg 300w, https:\/\/hablemosclarotdf.com.ar\/wp-content\/uploads\/2026\/01\/photo_2026-01-29_16-06-38-1024x682.jpg 1024w, https:\/\/hablemosclarotdf.com.ar\/wp-content\/uploads\/2026\/01\/photo_2026-01-29_16-06-38-768x511.jpg 768w, https:\/\/hablemosclarotdf.com.ar\/wp-content\/uploads\/2026\/01\/photo_2026-01-29_16-06-38.jpg 1280w\" sizes=\"auto, (max-width: 300px) 100vw, 300px\" \/><\/p>\n","protected":false},"excerpt":{"rendered":"<p>En el marco de las pol\u00edticas p\u00fablicas impulsadas por la gesti\u00f3n del intendente Mart\u00edn Perez,&#8230;<\/p>\n","protected":false},"author":1,"featured_media":65497,"comment_status":"closed","ping_status":"closed","sticky":false,"template":"","format":"standard","meta":{"footnotes":""},"categories":[3],"tags":[],"class_list":["post-65496","post","type-post","status-publish","format-standard","has-post-thumbnail","hentry","category-noticias"],"jetpack_featured_media_url":"https:\/\/hablemosclarotdf.com.ar\/wp-content\/uploads\/2026\/01\/photo_2026-01-29_16-06-23.jpg","_links":{"self":[{"href":"https:\/\/hablemosclarotdf.com.ar\/index.php?rest_route=\/wp\/v2\/posts\/65496","targetHints":{"allow":["GET"]}}],"collection":[{"href":"https:\/\/hablemosclarotdf.com.ar\/index.php?rest_route=\/wp\/v2\/posts"}],"about":[{"href":"https:\/\/hablemosclarotdf.com.ar\/index.php?rest_route=\/wp\/v2\/types\/post"}],"author":[{"embeddable":true,"href":"https:\/\/hablemosclarotdf.com.ar\/index.php?rest_route=\/wp\/v2\/users\/1"}],"replies":[{"embeddable":true,"href":"https:\/\/hablemosclarotdf.com.ar\/index.php?rest_route=%2Fwp%2Fv2%2Fcomments&post=65496"}],"version-history":[{"count":1,"href":"https:\/\/hablemosclarotdf.com.ar\/index.php?rest_route=\/wp\/v2\/posts\/65496\/revisions"}],"predecessor-version":[{"id":65500,"href":"https:\/\/hablemosclarotdf.com.ar\/index.php?rest_route=\/wp\/v2\/posts\/65496\/revisions\/65500"}],"wp:featuredmedia":[{"embeddable":true,"href":"https:\/\/hablemosclarotdf.com.ar\/index.php?rest_route=\/wp\/v2\/media\/65497"}],"wp:attachment":[{"href":"https:\/\/hablemosclarotdf.com.ar\/index.php?rest_route=%2Fwp%2Fv2%2Fmedia&parent=65496"}],"wp:term":[{"taxonomy":"category","embeddable":true,"href":"https:\/\/hablemosclarotdf.com.ar\/index.php?rest_route=%2Fwp%2Fv2%2Fcategories&post=65496"},{"taxonomy":"post_tag","embeddable":true,"href":"https:\/\/hablemosclarotdf.com.ar\/index.php?rest_route=%2Fwp%2Fv2%2Ftags&post=65496"}],"curies":[{"name":"wp","href":"https:\/\/api.w.org\/{rel}","templated":true}]}}