{"id":65491,"date":"2026-01-29T15:55:01","date_gmt":"2026-01-29T18:55:01","guid":{"rendered":"https:\/\/hablemosclarotdf.com.ar\/?p=65491"},"modified":"2026-01-29T15:55:01","modified_gmt":"2026-01-29T18:55:01","slug":"rio-grande-tres-mujeres-riograndenses-realizaron-una-historica-travesia-en-el-canal-de-beagle","status":"publish","type":"post","link":"https:\/\/hablemosclarotdf.com.ar\/?p=65491","title":{"rendered":"RIO GRANDE : TRES MUJERES RIOGRANDENSES REALIZARON UNA HIST\u00d3RICA TRAVES\u00cdA EN EL CANAL DE BEAGLE"},"content":{"rendered":"<p>Las deportistas riograndenses F\u00e1tima Garrido, Meliza Ag\u00fcero y \u00c1ngeles Desimon concretaron una hist\u00f3rica traves\u00eda en aguas del Canal de Beagle, uniendo Punta Cabo (Chile) con la costa argentina, en un recorrido de 1.200 metros. Se trata de un logro sin precedentes para la ciudad de R\u00edo Grande.<\/p>\n<p>Luego de haber realizado esta traves\u00eda, el subsecretario de Deportes, Diego Radwanitzer, mantuvo un encuentro con las nadadoras, quienes compartieron su experiencia y dialogaron sobre los desaf\u00edos deportivos que afrontar\u00e1n a lo largo del 2026.<\/p>\n<p>Cabe destacar que las atletas entrenan desde hace m\u00e1s de 2 a\u00f1os, tanto en Puerto Almanza como en la costa de R\u00edo Grande, con el objetivo de fortalecer su preparaci\u00f3n en aguas abiertas. En este marco, la gesti\u00f3n municipal pone a disposici\u00f3n las instalaciones del Centro de Rendimiento Deportivo (CRD) como parte de la pol\u00edtica de acompa\u00f1amiento al deporte local, donde las nadadoras realizan su preparaci\u00f3n f\u00edsica.<\/p>\n<p>Al respecto, el subsecretario de Deportes, Diego Radwanitzer, expres\u00f3 que \u201ccada logro alcanzado por nuestras deportistas es un reflejo del esfuerzo y la pasi\u00f3n que caracteriza al deporte riograndense\u201d.<\/p>\n<p>Asimismo, agreg\u00f3 que \u201cnos llena de orgullo ver el compromiso con el que llevan el nombre de nuestra ciudad a distintos escenarios, consolidando a R\u00edo Grande como la ciudad del deporte\u201d.<\/p>\n<p>En cuanto a lo que resta del a\u00f1o, las nadadoras tienen previsto el cruce m\u00e1s extenso del Canal de Beagle de 7 kil\u00f3metros y una traves\u00eda en el Lago Fagnano, ambos desaf\u00edos dentro de la provincia. Adem\u00e1s, los d\u00edas 21 y 22 de febrero participar\u00e1n de la \u201cVuelta a la Isla Solitaria\u201d, una competencia de aguas fr\u00edas que se desarrollar\u00e1 en la ciudad de Calafate, mientras que en agosto ser\u00e1n parte del Mundial de la disciplina, el cual tambi\u00e9n tendr\u00e1 lugar en dicha localidad.<\/p>\n<p><img loading=\"lazy\" decoding=\"async\" class=\"alignnone size-medium wp-image-65493\" src=\"https:\/\/hablemosclarotdf.com.ar\/wp-content\/uploads\/2026\/01\/photo_2026-01-29_15-53-57-300x200.jpg\" alt=\"\" width=\"300\" height=\"200\" srcset=\"https:\/\/hablemosclarotdf.com.ar\/wp-content\/uploads\/2026\/01\/photo_2026-01-29_15-53-57-300x200.jpg 300w, https:\/\/hablemosclarotdf.com.ar\/wp-content\/uploads\/2026\/01\/photo_2026-01-29_15-53-57-1024x682.jpg 1024w, https:\/\/hablemosclarotdf.com.ar\/wp-content\/uploads\/2026\/01\/photo_2026-01-29_15-53-57-768x512.jpg 768w, https:\/\/hablemosclarotdf.com.ar\/wp-content\/uploads\/2026\/01\/photo_2026-01-29_15-53-57.jpg 1280w\" sizes=\"auto, (max-width: 300px) 100vw, 300px\" \/> <img loading=\"lazy\" decoding=\"async\" class=\"alignnone size-medium wp-image-65494\" src=\"https:\/\/hablemosclarotdf.com.ar\/wp-content\/uploads\/2026\/01\/photo_2026-01-29_15-54-02-300x200.jpg\" alt=\"\" width=\"300\" height=\"200\" srcset=\"https:\/\/hablemosclarotdf.com.ar\/wp-content\/uploads\/2026\/01\/photo_2026-01-29_15-54-02-300x200.jpg 300w, https:\/\/hablemosclarotdf.com.ar\/wp-content\/uploads\/2026\/01\/photo_2026-01-29_15-54-02-1024x682.jpg 1024w, https:\/\/hablemosclarotdf.com.ar\/wp-content\/uploads\/2026\/01\/photo_2026-01-29_15-54-02-768x512.jpg 768w, https:\/\/hablemosclarotdf.com.ar\/wp-content\/uploads\/2026\/01\/photo_2026-01-29_15-54-02.jpg 1280w\" sizes=\"auto, (max-width: 300px) 100vw, 300px\" \/><\/p>\n","protected":false},"excerpt":{"rendered":"<p>Las deportistas riograndenses F\u00e1tima Garrido, Meliza Ag\u00fcero y \u00c1ngeles Desimon concretaron una hist\u00f3rica traves\u00eda en&#8230;<\/p>\n","protected":false},"author":1,"featured_media":65492,"comment_status":"closed","ping_status":"closed","sticky":false,"template":"","format":"standard","meta":{"footnotes":""},"categories":[3],"tags":[],"class_list":["post-65491","post","type-post","status-publish","format-standard","has-post-thumbnail","hentry","category-noticias"],"jetpack_featured_media_url":"https:\/\/hablemosclarotdf.com.ar\/wp-content\/uploads\/2026\/01\/photo_2026-01-29_15-53-52.jpg","_links":{"self":[{"href":"https:\/\/hablemosclarotdf.com.ar\/index.php?rest_route=\/wp\/v2\/posts\/65491","targetHints":{"allow":["GET"]}}],"collection":[{"href":"https:\/\/hablemosclarotdf.com.ar\/index.php?rest_route=\/wp\/v2\/posts"}],"about":[{"href":"https:\/\/hablemosclarotdf.com.ar\/index.php?rest_route=\/wp\/v2\/types\/post"}],"author":[{"embeddable":true,"href":"https:\/\/hablemosclarotdf.com.ar\/index.php?rest_route=\/wp\/v2\/users\/1"}],"replies":[{"embeddable":true,"href":"https:\/\/hablemosclarotdf.com.ar\/index.php?rest_route=%2Fwp%2Fv2%2Fcomments&post=65491"}],"version-history":[{"count":1,"href":"https:\/\/hablemosclarotdf.com.ar\/index.php?rest_route=\/wp\/v2\/posts\/65491\/revisions"}],"predecessor-version":[{"id":65495,"href":"https:\/\/hablemosclarotdf.com.ar\/index.php?rest_route=\/wp\/v2\/posts\/65491\/revisions\/65495"}],"wp:featuredmedia":[{"embeddable":true,"href":"https:\/\/hablemosclarotdf.com.ar\/index.php?rest_route=\/wp\/v2\/media\/65492"}],"wp:attachment":[{"href":"https:\/\/hablemosclarotdf.com.ar\/index.php?rest_route=%2Fwp%2Fv2%2Fmedia&parent=65491"}],"wp:term":[{"taxonomy":"category","embeddable":true,"href":"https:\/\/hablemosclarotdf.com.ar\/index.php?rest_route=%2Fwp%2Fv2%2Fcategories&post=65491"},{"taxonomy":"post_tag","embeddable":true,"href":"https:\/\/hablemosclarotdf.com.ar\/index.php?rest_route=%2Fwp%2Fv2%2Ftags&post=65491"}],"curies":[{"name":"wp","href":"https:\/\/api.w.org\/{rel}","templated":true}]}}