{"id":65484,"date":"2026-01-29T13:35:53","date_gmt":"2026-01-29T16:35:53","guid":{"rendered":"https:\/\/hablemosclarotdf.com.ar\/?p=65484"},"modified":"2026-01-29T13:35:53","modified_gmt":"2026-01-29T16:35:53","slug":"mipymes-fueguinas-podran-acceder-a-una-bonificacion-extra-sobre-las-tasas-de-interes-para-creditos-productivos","status":"publish","type":"post","link":"https:\/\/hablemosclarotdf.com.ar\/?p=65484","title":{"rendered":"MIPYMES FUEGUINAS PODR\u00c1N ACCEDER A UNA BONIFICACI\u00d3N EXTRA SOBRE LAS TASAS DE INTER\u00c9S PARA CR\u00c9DITOS PRODUCTIVOS"},"content":{"rendered":"<p>El Ministerio de Producci\u00f3n y Ambiente, anunci\u00f3 un nuevo acuerdo con CFI donde los Programas de Asistencia T\u00e9cnica provinciales, ser\u00e1n considerados bajo la l\u00ednea de &#8220;Abordaje Integral&#8221;, accediendo a mejores condiciones crediticias.<\/p>\n<p>El acuerdo permite a las empresas beneficiarias de los Programas provinciales, acceder a un monto de hasta $300 millones de pesos. El mayor atractivo radica en la tasa de inter\u00e9s, donde se aplicar\u00e1 una bonificaci\u00f3n del 25% sobre la tasa fija durante los primeros dos a\u00f1os.<\/p>\n<p>Entre los Programas se encuentran: \u201cSello de Calidad Certificada\u201d, \u201cOrg\u00e1nico Tierra del Fuego\u201d, \u201cMejora de Procesos Productivos\u201d, \u201cGesti\u00f3n Empresarial\u201d, y \u201cBuenas Pr\u00e1cticas para la Reducci\u00f3n de P\u00e9rdidas y Desperdicios de Alimentos\u201d.<\/p>\n<p>Este financiamiento, est\u00e1 destinado exclusivamente a la n\u00f3mina de empresas que hayan participado de dichas herramientas de asistencia t\u00e9cnica. Una consideraci\u00f3n a tener en cuenta, es que el prop\u00f3sito de las inversiones debe guardar relaci\u00f3n con la mejora o ampliaci\u00f3n de las capacidades productivas, tecnol\u00f3gicas u organizacionales de la empresa.<\/p>\n<p>Actualmente, el Ministerio se encuentra pr\u00f3ximo al lanzamiento de las ediciones 2026 de los Programas mencionados, con el objetivo de planificar y asegurar las gestiones de financiamiento futuro, consolidando un c\u00edrculo virtuoso entre capacitaci\u00f3n t\u00e9cnica e inversi\u00f3n financiera.<\/p>\n<p>Para obtener m\u00e1s informaci\u00f3n acerca de los Programas, los interesados podr\u00e1n acceder al siguiente Link: https:\/\/prodyambiente.tierradelfuego.gob.ar\/secretaria-de-desarrollo-productivo-y-pyme\/.<\/p>\n<p>Adem\u00e1s, pueden comunicarse al mail: desarrolloproductivo@gmail.com, acudir de manera presencial a las siguientes direcciones: Don Bosco N\u00ba 614 (Ushuaia), Angela Loig N\u00ba 211 (Tolhuin) o Perito Moreno N\u00ba 519 (R\u00edo Grande).<\/p>\n<p>O bien, llamar a los contactos que se detallan a continuaci\u00f3n: en Ushuaia (02901) \u2013 423049; en Tolhuin (02901)\u2013 492354 y en R\u00edo Grande (02964) \u2013 422993.<\/p>\n<p><img loading=\"lazy\" decoding=\"async\" class=\"alignnone size-medium wp-image-65486\" src=\"https:\/\/hablemosclarotdf.com.ar\/wp-content\/uploads\/2026\/01\/photo_2026-01-29_13-34-15-300x200.jpg\" alt=\"\" width=\"300\" height=\"200\" srcset=\"https:\/\/hablemosclarotdf.com.ar\/wp-content\/uploads\/2026\/01\/photo_2026-01-29_13-34-15-300x200.jpg 300w, https:\/\/hablemosclarotdf.com.ar\/wp-content\/uploads\/2026\/01\/photo_2026-01-29_13-34-15-1024x683.jpg 1024w, https:\/\/hablemosclarotdf.com.ar\/wp-content\/uploads\/2026\/01\/photo_2026-01-29_13-34-15-768x512.jpg 768w, https:\/\/hablemosclarotdf.com.ar\/wp-content\/uploads\/2026\/01\/photo_2026-01-29_13-34-15.jpg 1280w\" sizes=\"auto, (max-width: 300px) 100vw, 300px\" \/> <img loading=\"lazy\" decoding=\"async\" class=\"alignnone size-medium wp-image-65487\" src=\"https:\/\/hablemosclarotdf.com.ar\/wp-content\/uploads\/2026\/01\/photo_2026-01-29_13-34-22-300x225.jpg\" alt=\"\" width=\"300\" height=\"225\" srcset=\"https:\/\/hablemosclarotdf.com.ar\/wp-content\/uploads\/2026\/01\/photo_2026-01-29_13-34-22-300x225.jpg 300w, https:\/\/hablemosclarotdf.com.ar\/wp-content\/uploads\/2026\/01\/photo_2026-01-29_13-34-22-1024x768.jpg 1024w, https:\/\/hablemosclarotdf.com.ar\/wp-content\/uploads\/2026\/01\/photo_2026-01-29_13-34-22-768x576.jpg 768w, https:\/\/hablemosclarotdf.com.ar\/wp-content\/uploads\/2026\/01\/photo_2026-01-29_13-34-22.jpg 1280w\" sizes=\"auto, (max-width: 300px) 100vw, 300px\" \/> <img loading=\"lazy\" decoding=\"async\" class=\"alignnone size-medium wp-image-65488\" src=\"https:\/\/hablemosclarotdf.com.ar\/wp-content\/uploads\/2026\/01\/photo_2026-01-29_13-34-31-300x200.jpg\" alt=\"\" width=\"300\" height=\"200\" srcset=\"https:\/\/hablemosclarotdf.com.ar\/wp-content\/uploads\/2026\/01\/photo_2026-01-29_13-34-31-300x200.jpg 300w, https:\/\/hablemosclarotdf.com.ar\/wp-content\/uploads\/2026\/01\/photo_2026-01-29_13-34-31-1024x683.jpg 1024w, https:\/\/hablemosclarotdf.com.ar\/wp-content\/uploads\/2026\/01\/photo_2026-01-29_13-34-31-768x512.jpg 768w, https:\/\/hablemosclarotdf.com.ar\/wp-content\/uploads\/2026\/01\/photo_2026-01-29_13-34-31.jpg 1280w\" sizes=\"auto, (max-width: 300px) 100vw, 300px\" \/> <img loading=\"lazy\" decoding=\"async\" class=\"alignnone size-medium wp-image-65489\" src=\"https:\/\/hablemosclarotdf.com.ar\/wp-content\/uploads\/2026\/01\/photo_2026-01-29_13-34-36-300x225.jpg\" alt=\"\" width=\"300\" height=\"225\" srcset=\"https:\/\/hablemosclarotdf.com.ar\/wp-content\/uploads\/2026\/01\/photo_2026-01-29_13-34-36-300x225.jpg 300w, https:\/\/hablemosclarotdf.com.ar\/wp-content\/uploads\/2026\/01\/photo_2026-01-29_13-34-36-1024x768.jpg 1024w, https:\/\/hablemosclarotdf.com.ar\/wp-content\/uploads\/2026\/01\/photo_2026-01-29_13-34-36-768x576.jpg 768w, https:\/\/hablemosclarotdf.com.ar\/wp-content\/uploads\/2026\/01\/photo_2026-01-29_13-34-36.jpg 1280w\" sizes=\"auto, (max-width: 300px) 100vw, 300px\" \/><\/p>\n","protected":false},"excerpt":{"rendered":"<p>El Ministerio de Producci\u00f3n y Ambiente, anunci\u00f3 un nuevo acuerdo con CFI donde los Programas&#8230;<\/p>\n","protected":false},"author":1,"featured_media":65485,"comment_status":"closed","ping_status":"closed","sticky":false,"template":"","format":"standard","meta":{"footnotes":""},"categories":[3],"tags":[],"class_list":["post-65484","post","type-post","status-publish","format-standard","has-post-thumbnail","hentry","category-noticias"],"jetpack_featured_media_url":"https:\/\/hablemosclarotdf.com.ar\/wp-content\/uploads\/2026\/01\/photo_2026-01-29_13-34-11.jpg","_links":{"self":[{"href":"https:\/\/hablemosclarotdf.com.ar\/index.php?rest_route=\/wp\/v2\/posts\/65484","targetHints":{"allow":["GET"]}}],"collection":[{"href":"https:\/\/hablemosclarotdf.com.ar\/index.php?rest_route=\/wp\/v2\/posts"}],"about":[{"href":"https:\/\/hablemosclarotdf.com.ar\/index.php?rest_route=\/wp\/v2\/types\/post"}],"author":[{"embeddable":true,"href":"https:\/\/hablemosclarotdf.com.ar\/index.php?rest_route=\/wp\/v2\/users\/1"}],"replies":[{"embeddable":true,"href":"https:\/\/hablemosclarotdf.com.ar\/index.php?rest_route=%2Fwp%2Fv2%2Fcomments&post=65484"}],"version-history":[{"count":1,"href":"https:\/\/hablemosclarotdf.com.ar\/index.php?rest_route=\/wp\/v2\/posts\/65484\/revisions"}],"predecessor-version":[{"id":65490,"href":"https:\/\/hablemosclarotdf.com.ar\/index.php?rest_route=\/wp\/v2\/posts\/65484\/revisions\/65490"}],"wp:featuredmedia":[{"embeddable":true,"href":"https:\/\/hablemosclarotdf.com.ar\/index.php?rest_route=\/wp\/v2\/media\/65485"}],"wp:attachment":[{"href":"https:\/\/hablemosclarotdf.com.ar\/index.php?rest_route=%2Fwp%2Fv2%2Fmedia&parent=65484"}],"wp:term":[{"taxonomy":"category","embeddable":true,"href":"https:\/\/hablemosclarotdf.com.ar\/index.php?rest_route=%2Fwp%2Fv2%2Fcategories&post=65484"},{"taxonomy":"post_tag","embeddable":true,"href":"https:\/\/hablemosclarotdf.com.ar\/index.php?rest_route=%2Fwp%2Fv2%2Ftags&post=65484"}],"curies":[{"name":"wp","href":"https:\/\/api.w.org\/{rel}","templated":true}]}}