{"id":65474,"date":"2026-01-29T13:31:27","date_gmt":"2026-01-29T16:31:27","guid":{"rendered":"https:\/\/hablemosclarotdf.com.ar\/?p=65474"},"modified":"2026-01-29T13:31:27","modified_gmt":"2026-01-29T16:31:27","slug":"gobernador-melella-se-reunio-con-gremios-portuarios-y-detallo-las-acciones-para-revertir-la-intervencion-del-puerto-de-ushuaia","status":"publish","type":"post","link":"https:\/\/hablemosclarotdf.com.ar\/?p=65474","title":{"rendered":"GOBERNADOR MELELLA SE REUNI\u00d3 CON GREMIOS PORTUARIOS Y DETALL\u00d3 LAS ACCIONES PARA REVERTIR LA INTERVENCI\u00d3N DEL PUERTO DE USHUAIA"},"content":{"rendered":"<p>El Mandatario fueguino, junto al Secretario Legal de Gobierno, Emiliano Fossatto y el presidente de la Direcci\u00f3n Provincial de Puertos, Roberto Murcia, expuso a los representantes sindicales la estrategia judicial y pol\u00edtica que lleva adelante el Estado provincial en defensa del puerto y sus trabajadores.<\/p>\n<p>El gobernador Gustavo Melella mantuvo este mi\u00e9rcoles un encuentro en Casa de Gobierno con representantes de los distintos gremios que agrupan a los trabajadores y trabajadoras del Puerto de Ushuaia. El objetivo de la reuni\u00f3n fue informar de primera mano las acciones que el Gobierno provincial viene realizando para defender el puerto y revertir la intervenci\u00f3n dispuesta por la Agencia Nacional de Puertos y Navegaci\u00f3n (ANPyN).<\/p>\n<p>Durante la reuni\u00f3n, el Gobernador; el Secretario Legal de Gobierno, Emiliano Fossatto y el presidente de la Direcci\u00f3n Provincial de Puertos, Roberto Murcia, detallaron puntualmente cada una de las medidas adoptadas. \u201cLes hemos transmitido la totalidad de los pasos que estamos dando en todos los frentes para restituir la normalidad y la gesti\u00f3n provincial sobre nuestro puerto estrat\u00e9gico\u201d, afirm\u00f3 Melella. La exposici\u00f3n incluy\u00f3 un an\u00e1lisis pormenorizado de la demanda de inconstitucionalidad presentada ante el Juzgado Federal de Ushuaia, que busca anular la resoluci\u00f3n de la ANPyN y ordenar el cese inmediato de la intervenci\u00f3n.<\/p>\n<p>\u201cNuestra estrategia es clara y contundente\u201d, explic\u00f3 el Mandatario. \u201cNo solo hemos atacado la ilegitimidad de este acto arbitrario ante la Justicia Federal, sino que tambi\u00e9n hemos iniciado una bater\u00eda de acciones administrativas y preparativos para avanzar con denuncias penales contra los funcionarios nacionales responsables de este atropello a nuestra autonom\u00eda\u201d. Melella reiter\u00f3 que los argumentos de la ANPyN carecen de toda validez y que la intervenci\u00f3n responde a intereses ajenos al correcto funcionamiento del puerto y la preservaci\u00f3n de las fuentes de trabajo.<\/p>\n<p>Los representantes gremiales, por su parte, expresaron su preocupaci\u00f3n por la continuidad laboral y la seguridad operativa bajo la actual intervenci\u00f3n nacional. Coincidieron en la necesidad de unir esfuerzos para defender un patrimonio estrat\u00e9gico de todos los fueguinos.<\/p>\n<p>Finalmente, el Gobernador Melella ratific\u00f3 su compromiso de mantener un di\u00e1logo permanente y transparente con los trabajadores portuarios. \u201cEste puerto es nuestro, es fueguino. Cada peso que genera se reinvierte aqu\u00ed, y cada trabajador es parte fundamental de su \u00e9xito. No vamos a descansar hasta que la gesti\u00f3n retorne a manos de la Provincia, que es su lugar leg\u00edtimo\u201d, concluy\u00f3.<\/p>\n<p><img loading=\"lazy\" decoding=\"async\" class=\"alignnone size-medium wp-image-65476\" src=\"https:\/\/hablemosclarotdf.com.ar\/wp-content\/uploads\/2026\/01\/photo_2026-01-29_13-30-16-300x200.jpg\" alt=\"\" width=\"300\" height=\"200\" srcset=\"https:\/\/hablemosclarotdf.com.ar\/wp-content\/uploads\/2026\/01\/photo_2026-01-29_13-30-16-300x200.jpg 300w, https:\/\/hablemosclarotdf.com.ar\/wp-content\/uploads\/2026\/01\/photo_2026-01-29_13-30-16-1024x684.jpg 1024w, https:\/\/hablemosclarotdf.com.ar\/wp-content\/uploads\/2026\/01\/photo_2026-01-29_13-30-16-768x513.jpg 768w, https:\/\/hablemosclarotdf.com.ar\/wp-content\/uploads\/2026\/01\/photo_2026-01-29_13-30-16.jpg 1280w\" sizes=\"auto, (max-width: 300px) 100vw, 300px\" \/> <img loading=\"lazy\" decoding=\"async\" class=\"alignnone size-medium wp-image-65477\" src=\"https:\/\/hablemosclarotdf.com.ar\/wp-content\/uploads\/2026\/01\/photo_2026-01-29_13-30-20-300x200.jpg\" alt=\"\" width=\"300\" height=\"200\" srcset=\"https:\/\/hablemosclarotdf.com.ar\/wp-content\/uploads\/2026\/01\/photo_2026-01-29_13-30-20-300x200.jpg 300w, https:\/\/hablemosclarotdf.com.ar\/wp-content\/uploads\/2026\/01\/photo_2026-01-29_13-30-20-1024x684.jpg 1024w, https:\/\/hablemosclarotdf.com.ar\/wp-content\/uploads\/2026\/01\/photo_2026-01-29_13-30-20-768x513.jpg 768w, https:\/\/hablemosclarotdf.com.ar\/wp-content\/uploads\/2026\/01\/photo_2026-01-29_13-30-20.jpg 1280w\" sizes=\"auto, (max-width: 300px) 100vw, 300px\" \/> <img loading=\"lazy\" decoding=\"async\" class=\"alignnone size-medium wp-image-65478\" src=\"https:\/\/hablemosclarotdf.com.ar\/wp-content\/uploads\/2026\/01\/photo_2026-01-29_13-30-23-300x200.jpg\" alt=\"\" width=\"300\" height=\"200\" srcset=\"https:\/\/hablemosclarotdf.com.ar\/wp-content\/uploads\/2026\/01\/photo_2026-01-29_13-30-23-300x200.jpg 300w, https:\/\/hablemosclarotdf.com.ar\/wp-content\/uploads\/2026\/01\/photo_2026-01-29_13-30-23-1024x684.jpg 1024w, https:\/\/hablemosclarotdf.com.ar\/wp-content\/uploads\/2026\/01\/photo_2026-01-29_13-30-23-768x513.jpg 768w, https:\/\/hablemosclarotdf.com.ar\/wp-content\/uploads\/2026\/01\/photo_2026-01-29_13-30-23.jpg 1280w\" sizes=\"auto, (max-width: 300px) 100vw, 300px\" \/> <img loading=\"lazy\" decoding=\"async\" class=\"alignnone size-medium wp-image-65479\" src=\"https:\/\/hablemosclarotdf.com.ar\/wp-content\/uploads\/2026\/01\/photo_2026-01-29_13-30-27-300x200.jpg\" alt=\"\" width=\"300\" height=\"200\" srcset=\"https:\/\/hablemosclarotdf.com.ar\/wp-content\/uploads\/2026\/01\/photo_2026-01-29_13-30-27-300x200.jpg 300w, https:\/\/hablemosclarotdf.com.ar\/wp-content\/uploads\/2026\/01\/photo_2026-01-29_13-30-27-1024x684.jpg 1024w, https:\/\/hablemosclarotdf.com.ar\/wp-content\/uploads\/2026\/01\/photo_2026-01-29_13-30-27-768x513.jpg 768w, https:\/\/hablemosclarotdf.com.ar\/wp-content\/uploads\/2026\/01\/photo_2026-01-29_13-30-27.jpg 1280w\" sizes=\"auto, (max-width: 300px) 100vw, 300px\" \/><\/p>\n","protected":false},"excerpt":{"rendered":"<p>El Mandatario fueguino, junto al Secretario Legal de Gobierno, Emiliano Fossatto y el presidente de&#8230;<\/p>\n","protected":false},"author":1,"featured_media":65475,"comment_status":"closed","ping_status":"closed","sticky":false,"template":"","format":"standard","meta":{"footnotes":""},"categories":[3],"tags":[],"class_list":["post-65474","post","type-post","status-publish","format-standard","has-post-thumbnail","hentry","category-noticias"],"jetpack_featured_media_url":"https:\/\/hablemosclarotdf.com.ar\/wp-content\/uploads\/2026\/01\/photo_2026-01-29_13-30-12.jpg","_links":{"self":[{"href":"https:\/\/hablemosclarotdf.com.ar\/index.php?rest_route=\/wp\/v2\/posts\/65474","targetHints":{"allow":["GET"]}}],"collection":[{"href":"https:\/\/hablemosclarotdf.com.ar\/index.php?rest_route=\/wp\/v2\/posts"}],"about":[{"href":"https:\/\/hablemosclarotdf.com.ar\/index.php?rest_route=\/wp\/v2\/types\/post"}],"author":[{"embeddable":true,"href":"https:\/\/hablemosclarotdf.com.ar\/index.php?rest_route=\/wp\/v2\/users\/1"}],"replies":[{"embeddable":true,"href":"https:\/\/hablemosclarotdf.com.ar\/index.php?rest_route=%2Fwp%2Fv2%2Fcomments&post=65474"}],"version-history":[{"count":1,"href":"https:\/\/hablemosclarotdf.com.ar\/index.php?rest_route=\/wp\/v2\/posts\/65474\/revisions"}],"predecessor-version":[{"id":65480,"href":"https:\/\/hablemosclarotdf.com.ar\/index.php?rest_route=\/wp\/v2\/posts\/65474\/revisions\/65480"}],"wp:featuredmedia":[{"embeddable":true,"href":"https:\/\/hablemosclarotdf.com.ar\/index.php?rest_route=\/wp\/v2\/media\/65475"}],"wp:attachment":[{"href":"https:\/\/hablemosclarotdf.com.ar\/index.php?rest_route=%2Fwp%2Fv2%2Fmedia&parent=65474"}],"wp:term":[{"taxonomy":"category","embeddable":true,"href":"https:\/\/hablemosclarotdf.com.ar\/index.php?rest_route=%2Fwp%2Fv2%2Fcategories&post=65474"},{"taxonomy":"post_tag","embeddable":true,"href":"https:\/\/hablemosclarotdf.com.ar\/index.php?rest_route=%2Fwp%2Fv2%2Ftags&post=65474"}],"curies":[{"name":"wp","href":"https:\/\/api.w.org\/{rel}","templated":true}]}}