{"id":65430,"date":"2026-01-28T18:04:42","date_gmt":"2026-01-28T21:04:42","guid":{"rendered":"https:\/\/hablemosclarotdf.com.ar\/?p=65430"},"modified":"2026-01-28T18:04:42","modified_gmt":"2026-01-28T21:04:42","slug":"los-calentadores-a-gas-nuevos-aliados-para-disfrutar-la-naturaleza-sin-fuego","status":"publish","type":"post","link":"https:\/\/hablemosclarotdf.com.ar\/?p=65430","title":{"rendered":"LOS CALENTADORES A GAS, NUEVOS ALIADOS PARA DISFRUTAR LA NATURALEZA SIN FUEGO"},"content":{"rendered":"<p>En el marco de la temporada de alto riesgo de incendios forestales en Tierra del Fuego y en l\u00ednea con la campa\u00f1a \u201cNaturaleza sin fuego\u201d, la Secretar\u00eda de Ambiente, recuerda que contin\u00faa vigente la prohibici\u00f3n de hacer fuego en todo el territorio y refuerza las recomendaciones para un disfrute responsable del ambiente. En este contexto, los calentadores a gas homologados y de corte r\u00e1pido se consolidan como una alternativa segura, pr\u00e1ctica y permitida para quienes realizan actividades al aire libre.<\/p>\n<p>Desde esta temporada, est\u00e1 autorizado el uso de calentadores a gas homologados y con sistema de corte r\u00e1pido, los cuales pueden utilizarse en campamentos, caminatas y zonas agrestes, sin estar sujetos al \u00edndice de riesgo de incendios. Estos equipos permiten calentar agua o preparar alimentos sin generar brasas ni chispas, reduciendo significativamente el riesgo de incendios forestales.<\/p>\n<p>\u201cLos calentadores a gas son una herramienta clave para reemplazar el uso del fuego. Son seguros, f\u00e1ciles de usar y nos permiten seguir disfrutando de la naturaleza sin ponerla en riesgo\u201d, se\u00f1al\u00f3 Rodrigo C\u00eda, subsecretario de Manejo del Fuego. \u201cLa prevenci\u00f3n es una responsabilidad compartida y estas alternativas nos ayudan a cuidar nuestros bosques\u201d, agreg\u00f3.<\/p>\n<p>\u00bfQu\u00e9 calentadores est\u00e1n permitidos? Se consideran aptos aquellos calentadores a gas que:<br \/>\n&#8211; Est\u00e9n homologados.<br \/>\n&#8211; Cuenten con sistema de corte r\u00e1pido.<br \/>\n&#8211; Funcionen con v\u00e1lvula segura y conexi\u00f3n directa al cilindro de gas.<\/p>\n<p>Desde la cartera ambiental se recuerda que, para un uso responsable del calentador a gas, es fundamental elegir un lugar seguro: utilizarlo siempre sobre superficies estables, mantenerlo alejado de materiales inflamables y evitar encenderlo dentro de espacios cerrados. Asimismo, se recomienda revisar el equipo antes de usarlo, chequear que no presente fugas y verificar que la v\u00e1lvula est\u00e9 cerrada antes de conectar el cilindro de gas.<\/p>\n<p>En este sentido, C\u00eda remarc\u00f3 adem\u00e1s la importancia de no dejar rastros en el ambiente. \u201cEs fundamental regresar con todos los residuos generados, como latas, botellas, papeles, cilindros vac\u00edos del calentador y cualquier otro descarte. Cuidar la naturaleza tambi\u00e9n es parte de la prevenci\u00f3n\u201d.<\/p>\n<p>Ante cualquier situaci\u00f3n de emergencia o detecci\u00f3n de humo o fuego se solicita dar aviso inmediato al 103 o al 911.<\/p>\n<p><img loading=\"lazy\" decoding=\"async\" class=\"alignnone size-medium wp-image-65432\" src=\"https:\/\/hablemosclarotdf.com.ar\/wp-content\/uploads\/2026\/01\/photo_2026-01-28_18-03-15-300x200.jpg\" alt=\"\" width=\"300\" height=\"200\" srcset=\"https:\/\/hablemosclarotdf.com.ar\/wp-content\/uploads\/2026\/01\/photo_2026-01-28_18-03-15-300x200.jpg 300w, https:\/\/hablemosclarotdf.com.ar\/wp-content\/uploads\/2026\/01\/photo_2026-01-28_18-03-15-1024x682.jpg 1024w, https:\/\/hablemosclarotdf.com.ar\/wp-content\/uploads\/2026\/01\/photo_2026-01-28_18-03-15-768x512.jpg 768w, https:\/\/hablemosclarotdf.com.ar\/wp-content\/uploads\/2026\/01\/photo_2026-01-28_18-03-15.jpg 1280w\" sizes=\"auto, (max-width: 300px) 100vw, 300px\" \/> <img loading=\"lazy\" decoding=\"async\" class=\"alignnone size-medium wp-image-65433\" src=\"https:\/\/hablemosclarotdf.com.ar\/wp-content\/uploads\/2026\/01\/photo_2026-01-28_18-03-21-300x200.jpg\" alt=\"\" width=\"300\" height=\"200\" srcset=\"https:\/\/hablemosclarotdf.com.ar\/wp-content\/uploads\/2026\/01\/photo_2026-01-28_18-03-21-300x200.jpg 300w, https:\/\/hablemosclarotdf.com.ar\/wp-content\/uploads\/2026\/01\/photo_2026-01-28_18-03-21-1024x682.jpg 1024w, https:\/\/hablemosclarotdf.com.ar\/wp-content\/uploads\/2026\/01\/photo_2026-01-28_18-03-21-768x512.jpg 768w, https:\/\/hablemosclarotdf.com.ar\/wp-content\/uploads\/2026\/01\/photo_2026-01-28_18-03-21.jpg 1280w\" sizes=\"auto, (max-width: 300px) 100vw, 300px\" \/><\/p>\n","protected":false},"excerpt":{"rendered":"<p>En el marco de la temporada de alto riesgo de incendios forestales en Tierra del&#8230;<\/p>\n","protected":false},"author":1,"featured_media":65431,"comment_status":"closed","ping_status":"closed","sticky":false,"template":"","format":"standard","meta":{"footnotes":""},"categories":[3],"tags":[],"class_list":["post-65430","post","type-post","status-publish","format-standard","has-post-thumbnail","hentry","category-noticias"],"jetpack_featured_media_url":"https:\/\/hablemosclarotdf.com.ar\/wp-content\/uploads\/2026\/01\/photo_2026-01-28_18-03-04.jpg","_links":{"self":[{"href":"https:\/\/hablemosclarotdf.com.ar\/index.php?rest_route=\/wp\/v2\/posts\/65430","targetHints":{"allow":["GET"]}}],"collection":[{"href":"https:\/\/hablemosclarotdf.com.ar\/index.php?rest_route=\/wp\/v2\/posts"}],"about":[{"href":"https:\/\/hablemosclarotdf.com.ar\/index.php?rest_route=\/wp\/v2\/types\/post"}],"author":[{"embeddable":true,"href":"https:\/\/hablemosclarotdf.com.ar\/index.php?rest_route=\/wp\/v2\/users\/1"}],"replies":[{"embeddable":true,"href":"https:\/\/hablemosclarotdf.com.ar\/index.php?rest_route=%2Fwp%2Fv2%2Fcomments&post=65430"}],"version-history":[{"count":1,"href":"https:\/\/hablemosclarotdf.com.ar\/index.php?rest_route=\/wp\/v2\/posts\/65430\/revisions"}],"predecessor-version":[{"id":65434,"href":"https:\/\/hablemosclarotdf.com.ar\/index.php?rest_route=\/wp\/v2\/posts\/65430\/revisions\/65434"}],"wp:featuredmedia":[{"embeddable":true,"href":"https:\/\/hablemosclarotdf.com.ar\/index.php?rest_route=\/wp\/v2\/media\/65431"}],"wp:attachment":[{"href":"https:\/\/hablemosclarotdf.com.ar\/index.php?rest_route=%2Fwp%2Fv2%2Fmedia&parent=65430"}],"wp:term":[{"taxonomy":"category","embeddable":true,"href":"https:\/\/hablemosclarotdf.com.ar\/index.php?rest_route=%2Fwp%2Fv2%2Fcategories&post=65430"},{"taxonomy":"post_tag","embeddable":true,"href":"https:\/\/hablemosclarotdf.com.ar\/index.php?rest_route=%2Fwp%2Fv2%2Ftags&post=65430"}],"curies":[{"name":"wp","href":"https:\/\/api.w.org\/{rel}","templated":true}]}}