{"id":65269,"date":"2026-01-26T15:03:29","date_gmt":"2026-01-26T18:03:29","guid":{"rendered":"https:\/\/hablemosclarotdf.com.ar\/?p=65269"},"modified":"2026-01-26T15:03:29","modified_gmt":"2026-01-26T18:03:29","slug":"murgas-comparsas-y-batucadas-asi-seran-los-carnavales-2026-en-rio-grande","status":"publish","type":"post","link":"https:\/\/hablemosclarotdf.com.ar\/?p=65269","title":{"rendered":"MURGAS, COMPARSAS Y BATUCADAS: AS\u00cd SER\u00c1N LOS CARNAVALES 2026 EN R\u00cdO GRANDE"},"content":{"rendered":"<p>El Municipio de R\u00edo Grande avanza con los preparativos para los Carnavales 2026, una de las fiestas populares m\u00e1s convocantes de la ciudad que este a\u00f1o se desarrollar\u00e1 con una modalidad participativa, descentralizada y abierta a toda la comunidad, con actividades en los barrios y un gran desfile central.<\/p>\n<p>Las celebraciones comenzar\u00e1n el s\u00e1bado 1\u00b0 de febrero con el primero de los Carnavales Barriales, continuar\u00e1n el s\u00e1bado 8 de febrero en otro sector de la ciudad y tendr\u00e1n su cierre el domingo 15 de febrero con el Carnaval Central, el cual se realizar\u00e1 sobre la avenida Perito Moreno, en su circuito tradicional.<\/p>\n<p>El primer Carnaval Barrial se llevar\u00e1 adelante el 1\u00b0 de febrero en la Margen Sur, en la zona de Rafaela Ishton y El Ovejero, mientras que el segundo tendr\u00e1 lugar el 8 de febrero en Chacra II, en la intersecci\u00f3n de Prefectura y Aeroposta Naval. En ambos casos, las actividades se desarrollar\u00e1n de 15 a 18 horas.<\/p>\n<p>Durante estas jornadas, vecinas y vecinos podr\u00e1n disfrutar de la presentaci\u00f3n de murgas, comparsas, batucadas y caporales, junto a la participaci\u00f3n de la Banda Municipal y espect\u00e1culos musicales en vivo. Adem\u00e1s, se desplegar\u00e1 un dispositivo municipal con propuestas recreativas para las infancias, como inflables y actividades de Educaci\u00f3n Vial.<\/p>\n<p>Al respecto, el profesor Carlos G\u00f3mez, referente del \u00e1rea de Cultura, destac\u00f3 que &#8220;los carnavales barriales son una oportunidad para acercar la fiesta a los distintos sectores de la ciudad y compartir un espacio de encuentro familiar, con artistas locales y una fuerte presencia del Municipio&#8221;.<\/p>\n<p>Respecto al cierre de los festejos, ser\u00e1 el domingo 15 de febrero con el Carnaval Central que convocar\u00e1 a agrupaciones locales y de otras ciudades de la provincia sobre la avenida Perito Moreno. Al igual que los carnavales barriales, el desfile se desarrollar\u00e1 entre las 15 y las 18 horas.<\/p>\n<p>Este a\u00f1o, el evento tendr\u00e1 un formato no competitivo, priorizando la participaci\u00f3n y el disfrute colectivo. &#8220;Las propias agrupaciones decidieron que el carnaval sea participativo y no competitivo. No habr\u00e1 jurado ni premios, pero s\u00ed un reconocimiento para cada grupo que forme parte&#8221;, explic\u00f3 G\u00f3mez.<\/p>\n<p>Las categor\u00edas que participar\u00e1n son comparsa folcl\u00f3rica, comparsa fantas\u00eda, murga, batucada, y se suman las categor\u00edas disfraz adulto y disfraz infantil, pensadas para que los vecinos y vecinas tambi\u00e9n puedan ser protagonistas de la celebraci\u00f3n.<\/p>\n<p>Desde el Municipio se\u00f1alaron que ya se encuentran inscriptas agrupaciones de Ushuaia y que existen consultas desde otras localidades de la provincia, lo cual refuerza el car\u00e1cter regional del evento y su importancia dentro del calendario cultural fueguino.<\/p>\n<p>Asimismo, se remarc\u00f3 que el Carnaval es una fiesta que involucra a todas las \u00e1reas municipales, con la participaci\u00f3n de equipos de Cultura, Servicios P\u00fablicos, Defensa Civil, Tr\u00e1nsito, Promotores Comunitarios, Ornamentaci\u00f3n y personal t\u00e9cnico, garantizando una celebraci\u00f3n segura y organizada.<\/p>\n<p>Las inscripciones para participar del Carnaval 2026 son gratuitas y permanecer\u00e1n abiertas hasta el 30 de enero. Las personas interesadas pueden realizar la preinscripci\u00f3n y consultar las bases y condiciones a trav\u00e9s del sitio web https:\/\/cultura.riogrande.gob.ar, o acercarse a la Casa de la Cultura para recibir asesoramiento.<\/p>\n<p>Desde el Municipio de R\u00edo Grande se invita a toda la comunidad a ser parte de una nueva edici\u00f3n de los Carnavales, una fiesta popular que pone en valor el trabajo de los artistas locales, promueve el encuentro barrial y fortalece la identidad cultural de la ciudad.<\/p>\n<p><img loading=\"lazy\" decoding=\"async\" class=\"alignnone size-medium wp-image-65271\" src=\"https:\/\/hablemosclarotdf.com.ar\/wp-content\/uploads\/2026\/01\/photo_2026-01-26_15-02-40-300x214.jpg\" alt=\"\" width=\"300\" height=\"214\" srcset=\"https:\/\/hablemosclarotdf.com.ar\/wp-content\/uploads\/2026\/01\/photo_2026-01-26_15-02-40-300x214.jpg 300w, https:\/\/hablemosclarotdf.com.ar\/wp-content\/uploads\/2026\/01\/photo_2026-01-26_15-02-40-768x548.jpg 768w, https:\/\/hablemosclarotdf.com.ar\/wp-content\/uploads\/2026\/01\/photo_2026-01-26_15-02-40.jpg 800w\" sizes=\"auto, (max-width: 300px) 100vw, 300px\" \/><\/p>\n","protected":false},"excerpt":{"rendered":"<p>El Municipio de R\u00edo Grande avanza con los preparativos para los Carnavales 2026, una de&#8230;<\/p>\n","protected":false},"author":1,"featured_media":65270,"comment_status":"closed","ping_status":"closed","sticky":false,"template":"","format":"standard","meta":{"footnotes":""},"categories":[3],"tags":[],"class_list":["post-65269","post","type-post","status-publish","format-standard","has-post-thumbnail","hentry","category-noticias"],"jetpack_featured_media_url":"https:\/\/hablemosclarotdf.com.ar\/wp-content\/uploads\/2026\/01\/photo_2026-01-26_15-02-35.jpg","_links":{"self":[{"href":"https:\/\/hablemosclarotdf.com.ar\/index.php?rest_route=\/wp\/v2\/posts\/65269","targetHints":{"allow":["GET"]}}],"collection":[{"href":"https:\/\/hablemosclarotdf.com.ar\/index.php?rest_route=\/wp\/v2\/posts"}],"about":[{"href":"https:\/\/hablemosclarotdf.com.ar\/index.php?rest_route=\/wp\/v2\/types\/post"}],"author":[{"embeddable":true,"href":"https:\/\/hablemosclarotdf.com.ar\/index.php?rest_route=\/wp\/v2\/users\/1"}],"replies":[{"embeddable":true,"href":"https:\/\/hablemosclarotdf.com.ar\/index.php?rest_route=%2Fwp%2Fv2%2Fcomments&post=65269"}],"version-history":[{"count":1,"href":"https:\/\/hablemosclarotdf.com.ar\/index.php?rest_route=\/wp\/v2\/posts\/65269\/revisions"}],"predecessor-version":[{"id":65272,"href":"https:\/\/hablemosclarotdf.com.ar\/index.php?rest_route=\/wp\/v2\/posts\/65269\/revisions\/65272"}],"wp:featuredmedia":[{"embeddable":true,"href":"https:\/\/hablemosclarotdf.com.ar\/index.php?rest_route=\/wp\/v2\/media\/65270"}],"wp:attachment":[{"href":"https:\/\/hablemosclarotdf.com.ar\/index.php?rest_route=%2Fwp%2Fv2%2Fmedia&parent=65269"}],"wp:term":[{"taxonomy":"category","embeddable":true,"href":"https:\/\/hablemosclarotdf.com.ar\/index.php?rest_route=%2Fwp%2Fv2%2Fcategories&post=65269"},{"taxonomy":"post_tag","embeddable":true,"href":"https:\/\/hablemosclarotdf.com.ar\/index.php?rest_route=%2Fwp%2Fv2%2Ftags&post=65269"}],"curies":[{"name":"wp","href":"https:\/\/api.w.org\/{rel}","templated":true}]}}