{"id":65263,"date":"2026-01-26T15:01:31","date_gmt":"2026-01-26T18:01:31","guid":{"rendered":"https:\/\/hablemosclarotdf.com.ar\/?p=65263"},"modified":"2026-01-26T15:01:31","modified_gmt":"2026-01-26T18:01:31","slug":"c-d-tolhuin-sesiones-extraordinarias-durante-el-receso-legislativo","status":"publish","type":"post","link":"https:\/\/hablemosclarotdf.com.ar\/?p=65263","title":{"rendered":"C.D.TOLHUIN : SESIONES EXTRAORDINARIAS DURANTE EL RECESO LEGISLATIVO"},"content":{"rendered":"<p>En el marco del receso legislativo de verano, el Concejo Deliberante de Tolhuin, presidido por Matias Rodriguez Ojeda , llev\u00f3 adelante sesiones extraordinarias con el objetivo de dar tratamiento a asuntos administrativos que requer\u00edan resoluci\u00f3n dentro de los plazos correspondientes, garantizando el normal ejercicio de sus funciones legislativas.<\/p>\n<p>Durante la Sesi\u00f3n Extraordinaria realizada este lunes se trataron dos asuntos elevados por el Departamento Ejecutivo Municipal. Por un lado, el Asunto N.\u00ba 1218\/25, mediante el cual el Sr. Intendente remiti\u00f3 el Mensaje N.\u00ba 402\/25 solicitando la ratificaci\u00f3n del Canon de Uso N.\u00ba 578\/25. Por otro, el Asunto N.\u00ba 1943\/25, referido al Mensaje N.\u00ba 413\/25, mediante el cual se propuso la ratificaci\u00f3n del convenio celebrado entre el Municipio de Tolhuin y la Asociaci\u00f3n Civil AFS Programas Culturales. Ambos asuntos fueron aprobados por unanimidad.<\/p>\n<p>Asimismo, estos tratamientos se suman a los abordados en la Sesi\u00f3n Extraordinaria realizada el pasado 15 de enero, en la que se trat\u00f3 el Asunto N.\u00ba 2194\/25, correspondiente al Mensaje N.\u00ba 418\/25 del Departamento Ejecutivo Municipal, mediante el cual se elev\u00f3 el Decreto EMT N.\u00ba 955\/25, referido a la adjudicaci\u00f3n en venta a la Sra. Mu\u00f1oz \u00c1ngela del Luj\u00e1n de la parcela 01 del Macizo 410, con destino a emprendimiento tur\u00edstico, el cual tambi\u00e9n fue aprobado por unanimidad.<\/p>\n<p><img loading=\"lazy\" decoding=\"async\" class=\"alignnone size-medium wp-image-65265\" src=\"https:\/\/hablemosclarotdf.com.ar\/wp-content\/uploads\/2026\/01\/photo_2026-01-26_14-59-54-300x225.jpg\" alt=\"\" width=\"300\" height=\"225\" srcset=\"https:\/\/hablemosclarotdf.com.ar\/wp-content\/uploads\/2026\/01\/photo_2026-01-26_14-59-54-300x225.jpg 300w, https:\/\/hablemosclarotdf.com.ar\/wp-content\/uploads\/2026\/01\/photo_2026-01-26_14-59-54-1024x768.jpg 1024w, https:\/\/hablemosclarotdf.com.ar\/wp-content\/uploads\/2026\/01\/photo_2026-01-26_14-59-54-768x576.jpg 768w, https:\/\/hablemosclarotdf.com.ar\/wp-content\/uploads\/2026\/01\/photo_2026-01-26_14-59-54.jpg 1280w\" sizes=\"auto, (max-width: 300px) 100vw, 300px\" \/> <img loading=\"lazy\" decoding=\"async\" class=\"alignnone size-medium wp-image-65266\" src=\"https:\/\/hablemosclarotdf.com.ar\/wp-content\/uploads\/2026\/01\/photo_2026-01-26_14-59-59-300x225.jpg\" alt=\"\" width=\"300\" height=\"225\" srcset=\"https:\/\/hablemosclarotdf.com.ar\/wp-content\/uploads\/2026\/01\/photo_2026-01-26_14-59-59-300x225.jpg 300w, https:\/\/hablemosclarotdf.com.ar\/wp-content\/uploads\/2026\/01\/photo_2026-01-26_14-59-59-1024x768.jpg 1024w, https:\/\/hablemosclarotdf.com.ar\/wp-content\/uploads\/2026\/01\/photo_2026-01-26_14-59-59-768x576.jpg 768w, https:\/\/hablemosclarotdf.com.ar\/wp-content\/uploads\/2026\/01\/photo_2026-01-26_14-59-59.jpg 1272w\" sizes=\"auto, (max-width: 300px) 100vw, 300px\" \/> <img loading=\"lazy\" decoding=\"async\" class=\"alignnone size-medium wp-image-65267\" src=\"https:\/\/hablemosclarotdf.com.ar\/wp-content\/uploads\/2026\/01\/photo_2026-01-26_15-00-07-300x225.jpg\" alt=\"\" width=\"300\" height=\"225\" srcset=\"https:\/\/hablemosclarotdf.com.ar\/wp-content\/uploads\/2026\/01\/photo_2026-01-26_15-00-07-300x225.jpg 300w, https:\/\/hablemosclarotdf.com.ar\/wp-content\/uploads\/2026\/01\/photo_2026-01-26_15-00-07-1024x768.jpg 1024w, https:\/\/hablemosclarotdf.com.ar\/wp-content\/uploads\/2026\/01\/photo_2026-01-26_15-00-07-768x576.jpg 768w, https:\/\/hablemosclarotdf.com.ar\/wp-content\/uploads\/2026\/01\/photo_2026-01-26_15-00-07.jpg 1166w\" sizes=\"auto, (max-width: 300px) 100vw, 300px\" \/><\/p>\n","protected":false},"excerpt":{"rendered":"<p>En el marco del receso legislativo de verano, el Concejo Deliberante de Tolhuin, presidido por&#8230;<\/p>\n","protected":false},"author":1,"featured_media":65264,"comment_status":"closed","ping_status":"closed","sticky":false,"template":"","format":"standard","meta":{"footnotes":""},"categories":[3],"tags":[],"class_list":["post-65263","post","type-post","status-publish","format-standard","has-post-thumbnail","hentry","category-noticias"],"jetpack_featured_media_url":"https:\/\/hablemosclarotdf.com.ar\/wp-content\/uploads\/2026\/01\/photo_2026-01-26_14-59-49.jpg","_links":{"self":[{"href":"https:\/\/hablemosclarotdf.com.ar\/index.php?rest_route=\/wp\/v2\/posts\/65263","targetHints":{"allow":["GET"]}}],"collection":[{"href":"https:\/\/hablemosclarotdf.com.ar\/index.php?rest_route=\/wp\/v2\/posts"}],"about":[{"href":"https:\/\/hablemosclarotdf.com.ar\/index.php?rest_route=\/wp\/v2\/types\/post"}],"author":[{"embeddable":true,"href":"https:\/\/hablemosclarotdf.com.ar\/index.php?rest_route=\/wp\/v2\/users\/1"}],"replies":[{"embeddable":true,"href":"https:\/\/hablemosclarotdf.com.ar\/index.php?rest_route=%2Fwp%2Fv2%2Fcomments&post=65263"}],"version-history":[{"count":1,"href":"https:\/\/hablemosclarotdf.com.ar\/index.php?rest_route=\/wp\/v2\/posts\/65263\/revisions"}],"predecessor-version":[{"id":65268,"href":"https:\/\/hablemosclarotdf.com.ar\/index.php?rest_route=\/wp\/v2\/posts\/65263\/revisions\/65268"}],"wp:featuredmedia":[{"embeddable":true,"href":"https:\/\/hablemosclarotdf.com.ar\/index.php?rest_route=\/wp\/v2\/media\/65264"}],"wp:attachment":[{"href":"https:\/\/hablemosclarotdf.com.ar\/index.php?rest_route=%2Fwp%2Fv2%2Fmedia&parent=65263"}],"wp:term":[{"taxonomy":"category","embeddable":true,"href":"https:\/\/hablemosclarotdf.com.ar\/index.php?rest_route=%2Fwp%2Fv2%2Fcategories&post=65263"},{"taxonomy":"post_tag","embeddable":true,"href":"https:\/\/hablemosclarotdf.com.ar\/index.php?rest_route=%2Fwp%2Fv2%2Ftags&post=65263"}],"curies":[{"name":"wp","href":"https:\/\/api.w.org\/{rel}","templated":true}]}}