{"id":65250,"date":"2026-01-26T14:33:37","date_gmt":"2026-01-26T17:33:37","guid":{"rendered":"https:\/\/hablemosclarotdf.com.ar\/?p=65250"},"modified":"2026-01-26T14:33:37","modified_gmt":"2026-01-26T17:33:37","slug":"rio-grande-colonias-en-tu-barrio-continuan-las-propuestas-de-verano-en-los-centros-comunitarios-municipales","status":"publish","type":"post","link":"https:\/\/hablemosclarotdf.com.ar\/?p=65250","title":{"rendered":"RIO GRANDE : \u201cCOLONIAS EN TU BARRIO\u201d: CONTIN\u00daAN LAS PROPUESTAS DE VERANO EN LOS CENTROS COMUNITARIOS MUNICIPALES"},"content":{"rendered":"<p>La propuesta itinerante del Municipio contin\u00faa recorriendo los Centro Comunitarios Municipales, con actividades gratuitas y sin inscripci\u00f3n previa para adultos e infancias. El objetivo es garantizar el acceso a propuestas recreativas, culturales y de formaci\u00f3n durante el verano.<\/p>\n<p>En el marco de las \u201cColonias en tu Barrio\u201d, el Municipio de R\u00edo Grande lleva adelante la segunda semana de actividades culturales, recreativas y deportivas en los Centros Comunitarios Municipales, con el objetivo de seguir garantizando el acceso a propuestas gratuitas durante el verano en los distintos barrios de nuestra ciudad.<\/p>\n<p>Dicha iniciativa se desarrolla bajo la modalidad de un CCM por d\u00eda, sin inscripci\u00f3n previa. Las vecinas y vecinos interesados solo deben acercarse al espacio que les quede m\u00e1s cerca de su hogar, en el horario asignado.<\/p>\n<p>Las actividades estar\u00e1n destinadas a adultos mayores de 28 a\u00f1os, en el horario de 9 a 12 horas, y las infancias de 6 a 11 a\u00f1os, de 15 a 17 horas. Para el p\u00fablico adulto se proponen actividades como acondicionamiento f\u00edsico, zumba y clases recreativas como pintura y costura; mientras que las ni\u00f1as y ni\u00f1os podr\u00e1n disfrutar de juegos recreativos pensados para el encuentro y la diversi\u00f3n.<\/p>\n<p>El cronograma de esta semana se llevar\u00e1 adelante de la siguiente manera: Lunes 26 en el CCM Austral (Hoiken 511); martes 27 en el CCM CGT (Victoria Ocampo 1066); mi\u00e9rcoles 28 en el CCM Casa del Vecino (Chacra IV, Jos\u00e9 Romero 3090); jueves 29 en el CCM Malvinas Argentinas (Cabo Pe\u00f1a 562); y el viernes 30 en el CCM Aeropuerto (Los Calafates 920).<\/p>\n<p>De esta forma, el Municipio sigue impulsando pol\u00edticas p\u00fablicas que promueven el acceso igualitario a espacios de recreaci\u00f3n, actividad f\u00edsica y participaci\u00f3n comunitaria, fortaleciendo el v\u00ednculo con los barrios y acompa\u00f1ando a las familias durante el receso de verano.<\/p>\n<p><img loading=\"lazy\" decoding=\"async\" class=\"alignnone size-medium wp-image-65252\" src=\"https:\/\/hablemosclarotdf.com.ar\/wp-content\/uploads\/2026\/01\/photo_2026-01-26_14-29-45-300x200.jpg\" alt=\"\" width=\"300\" height=\"200\" srcset=\"https:\/\/hablemosclarotdf.com.ar\/wp-content\/uploads\/2026\/01\/photo_2026-01-26_14-29-45-300x200.jpg 300w, https:\/\/hablemosclarotdf.com.ar\/wp-content\/uploads\/2026\/01\/photo_2026-01-26_14-29-45-1024x682.jpg 1024w, https:\/\/hablemosclarotdf.com.ar\/wp-content\/uploads\/2026\/01\/photo_2026-01-26_14-29-45-768x512.jpg 768w, https:\/\/hablemosclarotdf.com.ar\/wp-content\/uploads\/2026\/01\/photo_2026-01-26_14-29-45.jpg 1280w\" sizes=\"auto, (max-width: 300px) 100vw, 300px\" \/> <img loading=\"lazy\" decoding=\"async\" class=\"alignnone size-medium wp-image-65253\" src=\"https:\/\/hablemosclarotdf.com.ar\/wp-content\/uploads\/2026\/01\/photo_2026-01-26_14-29-50-300x200.jpg\" alt=\"\" width=\"300\" height=\"200\" srcset=\"https:\/\/hablemosclarotdf.com.ar\/wp-content\/uploads\/2026\/01\/photo_2026-01-26_14-29-50-300x200.jpg 300w, https:\/\/hablemosclarotdf.com.ar\/wp-content\/uploads\/2026\/01\/photo_2026-01-26_14-29-50-1024x682.jpg 1024w, https:\/\/hablemosclarotdf.com.ar\/wp-content\/uploads\/2026\/01\/photo_2026-01-26_14-29-50-768x512.jpg 768w, https:\/\/hablemosclarotdf.com.ar\/wp-content\/uploads\/2026\/01\/photo_2026-01-26_14-29-50.jpg 1280w\" sizes=\"auto, (max-width: 300px) 100vw, 300px\" \/> <img loading=\"lazy\" decoding=\"async\" class=\"alignnone size-medium wp-image-65254\" src=\"https:\/\/hablemosclarotdf.com.ar\/wp-content\/uploads\/2026\/01\/photo_2026-01-26_14-29-55-300x200.jpg\" alt=\"\" width=\"300\" height=\"200\" srcset=\"https:\/\/hablemosclarotdf.com.ar\/wp-content\/uploads\/2026\/01\/photo_2026-01-26_14-29-55-300x200.jpg 300w, https:\/\/hablemosclarotdf.com.ar\/wp-content\/uploads\/2026\/01\/photo_2026-01-26_14-29-55-1024x682.jpg 1024w, https:\/\/hablemosclarotdf.com.ar\/wp-content\/uploads\/2026\/01\/photo_2026-01-26_14-29-55-768x512.jpg 768w, https:\/\/hablemosclarotdf.com.ar\/wp-content\/uploads\/2026\/01\/photo_2026-01-26_14-29-55.jpg 1280w\" sizes=\"auto, (max-width: 300px) 100vw, 300px\" \/> <img loading=\"lazy\" decoding=\"async\" class=\"alignnone size-medium wp-image-65255\" src=\"https:\/\/hablemosclarotdf.com.ar\/wp-content\/uploads\/2026\/01\/photo_2026-01-26_14-30-00-300x188.jpg\" alt=\"\" width=\"300\" height=\"188\" srcset=\"https:\/\/hablemosclarotdf.com.ar\/wp-content\/uploads\/2026\/01\/photo_2026-01-26_14-30-00-300x188.jpg 300w, https:\/\/hablemosclarotdf.com.ar\/wp-content\/uploads\/2026\/01\/photo_2026-01-26_14-30-00-1024x640.jpg 1024w, https:\/\/hablemosclarotdf.com.ar\/wp-content\/uploads\/2026\/01\/photo_2026-01-26_14-30-00-768x480.jpg 768w, https:\/\/hablemosclarotdf.com.ar\/wp-content\/uploads\/2026\/01\/photo_2026-01-26_14-30-00-800x500.jpg 800w, https:\/\/hablemosclarotdf.com.ar\/wp-content\/uploads\/2026\/01\/photo_2026-01-26_14-30-00-540x340.jpg 540w, https:\/\/hablemosclarotdf.com.ar\/wp-content\/uploads\/2026\/01\/photo_2026-01-26_14-30-00-400x250.jpg 400w, https:\/\/hablemosclarotdf.com.ar\/wp-content\/uploads\/2026\/01\/photo_2026-01-26_14-30-00.jpg 1280w\" sizes=\"auto, (max-width: 300px) 100vw, 300px\" \/> <img loading=\"lazy\" decoding=\"async\" class=\"alignnone size-medium wp-image-65256\" src=\"https:\/\/hablemosclarotdf.com.ar\/wp-content\/uploads\/2026\/01\/photo_2026-01-26_14-30-15-300x187.jpg\" alt=\"\" width=\"300\" height=\"187\" srcset=\"https:\/\/hablemosclarotdf.com.ar\/wp-content\/uploads\/2026\/01\/photo_2026-01-26_14-30-15-300x187.jpg 300w, https:\/\/hablemosclarotdf.com.ar\/wp-content\/uploads\/2026\/01\/photo_2026-01-26_14-30-15-1024x639.jpg 1024w, https:\/\/hablemosclarotdf.com.ar\/wp-content\/uploads\/2026\/01\/photo_2026-01-26_14-30-15-768x479.jpg 768w, https:\/\/hablemosclarotdf.com.ar\/wp-content\/uploads\/2026\/01\/photo_2026-01-26_14-30-15-800x500.jpg 800w, https:\/\/hablemosclarotdf.com.ar\/wp-content\/uploads\/2026\/01\/photo_2026-01-26_14-30-15-400x250.jpg 400w, https:\/\/hablemosclarotdf.com.ar\/wp-content\/uploads\/2026\/01\/photo_2026-01-26_14-30-15.jpg 1280w\" sizes=\"auto, (max-width: 300px) 100vw, 300px\" \/> <img loading=\"lazy\" decoding=\"async\" class=\"alignnone size-medium wp-image-65257\" src=\"https:\/\/hablemosclarotdf.com.ar\/wp-content\/uploads\/2026\/01\/photo_2026-01-26_14-30-41-300x200.jpg\" alt=\"\" width=\"300\" height=\"200\" srcset=\"https:\/\/hablemosclarotdf.com.ar\/wp-content\/uploads\/2026\/01\/photo_2026-01-26_14-30-41-300x200.jpg 300w, https:\/\/hablemosclarotdf.com.ar\/wp-content\/uploads\/2026\/01\/photo_2026-01-26_14-30-41-1024x682.jpg 1024w, https:\/\/hablemosclarotdf.com.ar\/wp-content\/uploads\/2026\/01\/photo_2026-01-26_14-30-41-768x512.jpg 768w, https:\/\/hablemosclarotdf.com.ar\/wp-content\/uploads\/2026\/01\/photo_2026-01-26_14-30-41.jpg 1280w\" sizes=\"auto, (max-width: 300px) 100vw, 300px\" \/> <img loading=\"lazy\" decoding=\"async\" class=\"alignnone size-medium wp-image-65258\" src=\"https:\/\/hablemosclarotdf.com.ar\/wp-content\/uploads\/2026\/01\/photo_2026-01-26_14-30-49-300x188.jpg\" alt=\"\" width=\"300\" height=\"188\" srcset=\"https:\/\/hablemosclarotdf.com.ar\/wp-content\/uploads\/2026\/01\/photo_2026-01-26_14-30-49-300x188.jpg 300w, https:\/\/hablemosclarotdf.com.ar\/wp-content\/uploads\/2026\/01\/photo_2026-01-26_14-30-49-1024x640.jpg 1024w, https:\/\/hablemosclarotdf.com.ar\/wp-content\/uploads\/2026\/01\/photo_2026-01-26_14-30-49-768x480.jpg 768w, https:\/\/hablemosclarotdf.com.ar\/wp-content\/uploads\/2026\/01\/photo_2026-01-26_14-30-49-800x500.jpg 800w, https:\/\/hablemosclarotdf.com.ar\/wp-content\/uploads\/2026\/01\/photo_2026-01-26_14-30-49-540x340.jpg 540w, https:\/\/hablemosclarotdf.com.ar\/wp-content\/uploads\/2026\/01\/photo_2026-01-26_14-30-49-400x250.jpg 400w, https:\/\/hablemosclarotdf.com.ar\/wp-content\/uploads\/2026\/01\/photo_2026-01-26_14-30-49.jpg 1280w\" sizes=\"auto, (max-width: 300px) 100vw, 300px\" \/><\/p>\n","protected":false},"excerpt":{"rendered":"<p>La propuesta itinerante del Municipio contin\u00faa recorriendo los Centro Comunitarios Municipales, con actividades gratuitas y&#8230;<\/p>\n","protected":false},"author":1,"featured_media":65251,"comment_status":"closed","ping_status":"closed","sticky":false,"template":"","format":"standard","meta":{"footnotes":""},"categories":[3],"tags":[],"class_list":["post-65250","post","type-post","status-publish","format-standard","has-post-thumbnail","hentry","category-noticias"],"jetpack_featured_media_url":"https:\/\/hablemosclarotdf.com.ar\/wp-content\/uploads\/2026\/01\/photo_2026-01-26_14-31-04.jpg","_links":{"self":[{"href":"https:\/\/hablemosclarotdf.com.ar\/index.php?rest_route=\/wp\/v2\/posts\/65250","targetHints":{"allow":["GET"]}}],"collection":[{"href":"https:\/\/hablemosclarotdf.com.ar\/index.php?rest_route=\/wp\/v2\/posts"}],"about":[{"href":"https:\/\/hablemosclarotdf.com.ar\/index.php?rest_route=\/wp\/v2\/types\/post"}],"author":[{"embeddable":true,"href":"https:\/\/hablemosclarotdf.com.ar\/index.php?rest_route=\/wp\/v2\/users\/1"}],"replies":[{"embeddable":true,"href":"https:\/\/hablemosclarotdf.com.ar\/index.php?rest_route=%2Fwp%2Fv2%2Fcomments&post=65250"}],"version-history":[{"count":1,"href":"https:\/\/hablemosclarotdf.com.ar\/index.php?rest_route=\/wp\/v2\/posts\/65250\/revisions"}],"predecessor-version":[{"id":65259,"href":"https:\/\/hablemosclarotdf.com.ar\/index.php?rest_route=\/wp\/v2\/posts\/65250\/revisions\/65259"}],"wp:featuredmedia":[{"embeddable":true,"href":"https:\/\/hablemosclarotdf.com.ar\/index.php?rest_route=\/wp\/v2\/media\/65251"}],"wp:attachment":[{"href":"https:\/\/hablemosclarotdf.com.ar\/index.php?rest_route=%2Fwp%2Fv2%2Fmedia&parent=65250"}],"wp:term":[{"taxonomy":"category","embeddable":true,"href":"https:\/\/hablemosclarotdf.com.ar\/index.php?rest_route=%2Fwp%2Fv2%2Fcategories&post=65250"},{"taxonomy":"post_tag","embeddable":true,"href":"https:\/\/hablemosclarotdf.com.ar\/index.php?rest_route=%2Fwp%2Fv2%2Ftags&post=65250"}],"curies":[{"name":"wp","href":"https:\/\/api.w.org\/{rel}","templated":true}]}}