{"id":65247,"date":"2026-01-26T12:31:44","date_gmt":"2026-01-26T15:31:44","guid":{"rendered":"https:\/\/hablemosclarotdf.com.ar\/?p=65247"},"modified":"2026-01-26T12:31:44","modified_gmt":"2026-01-26T15:31:44","slug":"cronograma-de-entrega-de-modulos-alimentarios-2","status":"publish","type":"post","link":"https:\/\/hablemosclarotdf.com.ar\/?p=65247","title":{"rendered":"CRONOGRAMA DE ENTREGA DE M\u00d3DULOS ALIMENTARIOS"},"content":{"rendered":"<p>El Ministerio de Bienestar Ciudadano y Justicia informa el cronograma de entrega de m\u00f3dulos alimentarios del mes de Enero en:<\/p>\n<p>R\u00cdO GRANDE<\/p>\n<p>Horario: 10:00 a 15:30<\/p>\n<p>&#8211; Mi\u00e9rcoles 28 de enero<br \/>\nCasa del Deporte -Se\u00f1ora de Itat\u00ed y Las Azucenas &#8211; (Margen Sur)<\/p>\n<p>&#8211; Jueves 29 de enero<br \/>\nClub Garibaldi &#8211; Milton Robert 3190 (para Chacra IV y alrededores)<\/p>\n<p>&#8211; Viernes 30 de enero<br \/>\nDirecci\u00f3n de Abastecimiento Social &#8211; Estrada 770<\/p>\n<p>TOLHUIN<\/p>\n<p>Martes 27 de enero de 10:00 a 16:00<\/p>\n<p>&#8211; Subsecretar\u00eda de G\u00e9nero y Diversidad (Rupatini 655)<br \/>\n&#8211; Casa del Deporte (Seriot 321)<\/p>\n<p>Al momento de la entrega los titulares del programa deber\u00e1n:<\/p>\n<p>* Presentar su DNI al agente que realice la entrega.<\/p>\n<p>* Presentarse el d\u00eda asignado seg\u00fan su \u00faltimo domicilio.<\/p>\n<p>* Deber\u00e1 asistir \u00fanicamente el titular a fin de evitar el aglomeramiento de personas en los puntos de entrega.<\/p>\n<p>USHUAIA<\/p>\n<p>S\u00e1bado 31 de Enero<br \/>\nHorario: 10:00 a 17:00<br \/>\nGimnasio N\u00b0 Escuela 16 &#8211; Antonio Isorna 690<\/p>\n<p>Al momento de la entrega los titulares del programa deber\u00e1n:<\/p>\n<p>* Presentar su DNI al agente que realice la entrega.<\/p>\n<p>* Presentarse el d\u00eda asignado seg\u00fan su \u00faltimo domicilio.<\/p>\n<p>* Deber\u00e1 asistir \u00fanicamente el titular a fin de evitar el aglomeramiento de personas en los puntos de entrega.<\/p>\n","protected":false},"excerpt":{"rendered":"<p>El Ministerio de Bienestar Ciudadano y Justicia informa el cronograma de entrega de m\u00f3dulos alimentarios&#8230;<\/p>\n","protected":false},"author":1,"featured_media":65248,"comment_status":"closed","ping_status":"closed","sticky":false,"template":"","format":"standard","meta":{"footnotes":""},"categories":[3],"tags":[],"class_list":["post-65247","post","type-post","status-publish","format-standard","has-post-thumbnail","hentry","category-noticias"],"jetpack_featured_media_url":"https:\/\/hablemosclarotdf.com.ar\/wp-content\/uploads\/2026\/01\/photo_2026-01-26_12-31-19.jpg","_links":{"self":[{"href":"https:\/\/hablemosclarotdf.com.ar\/index.php?rest_route=\/wp\/v2\/posts\/65247","targetHints":{"allow":["GET"]}}],"collection":[{"href":"https:\/\/hablemosclarotdf.com.ar\/index.php?rest_route=\/wp\/v2\/posts"}],"about":[{"href":"https:\/\/hablemosclarotdf.com.ar\/index.php?rest_route=\/wp\/v2\/types\/post"}],"author":[{"embeddable":true,"href":"https:\/\/hablemosclarotdf.com.ar\/index.php?rest_route=\/wp\/v2\/users\/1"}],"replies":[{"embeddable":true,"href":"https:\/\/hablemosclarotdf.com.ar\/index.php?rest_route=%2Fwp%2Fv2%2Fcomments&post=65247"}],"version-history":[{"count":1,"href":"https:\/\/hablemosclarotdf.com.ar\/index.php?rest_route=\/wp\/v2\/posts\/65247\/revisions"}],"predecessor-version":[{"id":65249,"href":"https:\/\/hablemosclarotdf.com.ar\/index.php?rest_route=\/wp\/v2\/posts\/65247\/revisions\/65249"}],"wp:featuredmedia":[{"embeddable":true,"href":"https:\/\/hablemosclarotdf.com.ar\/index.php?rest_route=\/wp\/v2\/media\/65248"}],"wp:attachment":[{"href":"https:\/\/hablemosclarotdf.com.ar\/index.php?rest_route=%2Fwp%2Fv2%2Fmedia&parent=65247"}],"wp:term":[{"taxonomy":"category","embeddable":true,"href":"https:\/\/hablemosclarotdf.com.ar\/index.php?rest_route=%2Fwp%2Fv2%2Fcategories&post=65247"},{"taxonomy":"post_tag","embeddable":true,"href":"https:\/\/hablemosclarotdf.com.ar\/index.php?rest_route=%2Fwp%2Fv2%2Ftags&post=65247"}],"curies":[{"name":"wp","href":"https:\/\/api.w.org\/{rel}","templated":true}]}}