{"id":65242,"date":"2026-01-26T12:29:17","date_gmt":"2026-01-26T15:29:17","guid":{"rendered":"https:\/\/hablemosclarotdf.com.ar\/?p=65242"},"modified":"2026-01-26T12:29:17","modified_gmt":"2026-01-26T15:29:17","slug":"rio-grande-continua-invirtiendo-en-obra-publica-y-avanza-la-carpa-de-la-dignidad","status":"publish","type":"post","link":"https:\/\/hablemosclarotdf.com.ar\/?p=65242","title":{"rendered":"R\u00cdO GRANDE CONTIN\u00daA INVIRTIENDO EN OBRA P\u00daBLICA Y AVANZA LA CARPA DE LA DIGNIDAD"},"content":{"rendered":"<p>El Municipio de R\u00edo Grande inici\u00f3 una etapa clave en la construcci\u00f3n del edificio permanente de la Carpa de la Dignidad. En un contexto nacional de paralizaci\u00f3n de la obra p\u00fablica, la gesti\u00f3n municipal sostiene el avance del proyecto con fondos propios, ordenamiento financiero y priorizaci\u00f3n de los recursos, reafirmando su compromiso con la memoria colectiva y el desarrollo de la ciudad.<\/p>\n<p>El Municipio de R\u00edo Grande avanza con la construcci\u00f3n del edificio permanente de la Carpa de la Dignidad, una obra emblem\u00e1tica para la memoria, la soberan\u00eda y el trabajo permanente junto a los Veteranos de la Guerra de Malvinas. En los \u00faltimos d\u00edas se concret\u00f3 una instancia fundamental del proyecto con el inicio del hormigonado de la estructura, lo cual permitir\u00e1 avanzar hacia la colocaci\u00f3n de la estructura met\u00e1lica del edificio.<\/p>\n<p>A trav\u00e9s de la Secretar\u00eda de Obras y Servicios P\u00fablicos, se llevaron adelante previamente los trabajos de nivelado y relleno del terreno, seguidos por las fundaciones y el contrapiso, etapas indispensables para el vertido de hormig\u00f3n que constituye la base estructural de la obra. En paralelo, se ejecutaron las instalaciones que deben quedar contempladas en esta fase, garantizando el desarrollo integral del proyecto.<\/p>\n<p>En relaci\u00f3n al avance de la obra, el intendente Mart\u00edn P\u00e9rez subray\u00f3 que la decisi\u00f3n de sostener la inversi\u00f3n p\u00fablica aun en un escenario econ\u00f3mico adverso. \u201cEste avance es el resultado de una administraci\u00f3n responsable y ordenada de los recursos municipales. Priorizamos los fondos de la ciudad para seguir concretando obras importantes, cuidando cada peso que aportan los vecinos y destin\u00e1ndolo a lo que verdaderamente necesita la comunidad\u201d, afirm\u00f3.<\/p>\n<p>Con la finalizaci\u00f3n de esta etapa, quedaron listos los anclajes que permitir\u00e1n iniciar pr\u00f3ximamente la colocaci\u00f3n de la estructura met\u00e1lica que dar\u00e1 forma definitiva al edificio, marcando un nuevo hito en la concreci\u00f3n de este espacio permanente.<\/p>\n<p>El nuevo edificio contar\u00e1 con una superficie aproximada de 800 metros cuadrados y estar\u00e1 emplazado en el mismo sector donde cada a\u00f1o se monta la Carpa para las actividades del 2 de Abril, consolid\u00e1ndose como un espacio fijo y estable destinado a sostener durante todo el a\u00f1o el trabajo en materia de memoria, soberan\u00eda y defensa nacional.<\/p>\n<p>En ese marco, el Intendente remarc\u00f3 la importancia de transformar el esfuerzo contributivo de los vecinos en obras concretas:<br \/>\n&#8220;Cada obra que encaramos es una forma concreta de respetar el esfuerzo de nuestros vecinos. Cuando alguien cumple con sus impuestos, tiene que ver ese compromiso reflejado en obras, en servicios y en una ciudad que sigue creciendo&#8221;, expres\u00f3.<\/p>\n<p>Finalmente, P\u00e9rez destac\u00f3 que R\u00edo Grande contin\u00faa avanzando a pesar del contexto nacional: \u201cEn R\u00edo Grande seguimos avanzando con responsabilidad, buscando alternativas de financiamiento y redoblando esfuerzos para concretar obras significativas y prioritarias para nuestra comunidad\u201d, enfatiz\u00f3.<\/p>\n<p>La construcci\u00f3n del edificio permanente de la Carpa de la Dignidad reafirma el compromiso del Municipio con la memoria colectiva, la identidad fueguina y el desarrollo de la ciudad, demostrando que una gesti\u00f3n ordenada y responsable permite sostener el progreso aun en tiempos complejos.<\/p>\n<p><img loading=\"lazy\" decoding=\"async\" class=\"alignnone size-medium wp-image-65244\" src=\"https:\/\/hablemosclarotdf.com.ar\/wp-content\/uploads\/2026\/01\/photo_2026-01-26_12-28-11-300x200.jpg\" alt=\"\" width=\"300\" height=\"200\" srcset=\"https:\/\/hablemosclarotdf.com.ar\/wp-content\/uploads\/2026\/01\/photo_2026-01-26_12-28-11-300x200.jpg 300w, https:\/\/hablemosclarotdf.com.ar\/wp-content\/uploads\/2026\/01\/photo_2026-01-26_12-28-11-1024x682.jpg 1024w, https:\/\/hablemosclarotdf.com.ar\/wp-content\/uploads\/2026\/01\/photo_2026-01-26_12-28-11-768x512.jpg 768w, https:\/\/hablemosclarotdf.com.ar\/wp-content\/uploads\/2026\/01\/photo_2026-01-26_12-28-11.jpg 1280w\" sizes=\"auto, (max-width: 300px) 100vw, 300px\" \/> <img loading=\"lazy\" decoding=\"async\" class=\"alignnone size-medium wp-image-65245\" src=\"https:\/\/hablemosclarotdf.com.ar\/wp-content\/uploads\/2026\/01\/photo_2026-01-26_12-28-17-300x200.jpg\" alt=\"\" width=\"300\" height=\"200\" srcset=\"https:\/\/hablemosclarotdf.com.ar\/wp-content\/uploads\/2026\/01\/photo_2026-01-26_12-28-17-300x200.jpg 300w, https:\/\/hablemosclarotdf.com.ar\/wp-content\/uploads\/2026\/01\/photo_2026-01-26_12-28-17-1024x682.jpg 1024w, https:\/\/hablemosclarotdf.com.ar\/wp-content\/uploads\/2026\/01\/photo_2026-01-26_12-28-17-768x512.jpg 768w, https:\/\/hablemosclarotdf.com.ar\/wp-content\/uploads\/2026\/01\/photo_2026-01-26_12-28-17.jpg 1280w\" sizes=\"auto, (max-width: 300px) 100vw, 300px\" \/><\/p>\n","protected":false},"excerpt":{"rendered":"<p>El Municipio de R\u00edo Grande inici\u00f3 una etapa clave en la construcci\u00f3n del edificio permanente&#8230;<\/p>\n","protected":false},"author":1,"featured_media":65243,"comment_status":"closed","ping_status":"closed","sticky":false,"template":"","format":"standard","meta":{"footnotes":""},"categories":[3],"tags":[],"class_list":["post-65242","post","type-post","status-publish","format-standard","has-post-thumbnail","hentry","category-noticias"],"jetpack_featured_media_url":"https:\/\/hablemosclarotdf.com.ar\/wp-content\/uploads\/2026\/01\/photo_2026-01-26_12-28-02.jpg","_links":{"self":[{"href":"https:\/\/hablemosclarotdf.com.ar\/index.php?rest_route=\/wp\/v2\/posts\/65242","targetHints":{"allow":["GET"]}}],"collection":[{"href":"https:\/\/hablemosclarotdf.com.ar\/index.php?rest_route=\/wp\/v2\/posts"}],"about":[{"href":"https:\/\/hablemosclarotdf.com.ar\/index.php?rest_route=\/wp\/v2\/types\/post"}],"author":[{"embeddable":true,"href":"https:\/\/hablemosclarotdf.com.ar\/index.php?rest_route=\/wp\/v2\/users\/1"}],"replies":[{"embeddable":true,"href":"https:\/\/hablemosclarotdf.com.ar\/index.php?rest_route=%2Fwp%2Fv2%2Fcomments&post=65242"}],"version-history":[{"count":1,"href":"https:\/\/hablemosclarotdf.com.ar\/index.php?rest_route=\/wp\/v2\/posts\/65242\/revisions"}],"predecessor-version":[{"id":65246,"href":"https:\/\/hablemosclarotdf.com.ar\/index.php?rest_route=\/wp\/v2\/posts\/65242\/revisions\/65246"}],"wp:featuredmedia":[{"embeddable":true,"href":"https:\/\/hablemosclarotdf.com.ar\/index.php?rest_route=\/wp\/v2\/media\/65243"}],"wp:attachment":[{"href":"https:\/\/hablemosclarotdf.com.ar\/index.php?rest_route=%2Fwp%2Fv2%2Fmedia&parent=65242"}],"wp:term":[{"taxonomy":"category","embeddable":true,"href":"https:\/\/hablemosclarotdf.com.ar\/index.php?rest_route=%2Fwp%2Fv2%2Fcategories&post=65242"},{"taxonomy":"post_tag","embeddable":true,"href":"https:\/\/hablemosclarotdf.com.ar\/index.php?rest_route=%2Fwp%2Fv2%2Ftags&post=65242"}],"curies":[{"name":"wp","href":"https:\/\/api.w.org\/{rel}","templated":true}]}}