{"id":65198,"date":"2026-01-25T23:25:39","date_gmt":"2026-01-26T02:25:39","guid":{"rendered":"https:\/\/hablemosclarotdf.com.ar\/?p=65198"},"modified":"2026-01-25T23:25:39","modified_gmt":"2026-01-26T02:25:39","slug":"tras-la-intervencion-del-puerto-un-avion-militar-de-estados-unidos-aterrizo-en-ushuaia-y-levanto-sospechas","status":"publish","type":"post","link":"https:\/\/hablemosclarotdf.com.ar\/?p=65198","title":{"rendered":"Tras la intervenci\u00f3n del puerto, un avi\u00f3n militar de Estados Unidos aterriz\u00f3 en Ushuaia y levant\u00f3 sospechas"},"content":{"rendered":"<h2 class=\"article__headline\">Un Boeing C-40 Clipper del Departamento de Defensa estadounidense arrib\u00f3 sin anuncios oficiales al aeropuerto Malvinas Argentinas.<\/h2>\n<p>Un\u00a0<strong>avi\u00f3n del Departamento de Defensa de\u00a0<a href=\"https:\/\/www.perfil.com\/noticias\/internacional\/donald-trump-proyecto-una-gaza-de-rascacielos-y-anuncio-un-ambicioso-plan-de-reconstruccion.phtml\" target=\"_blank\" rel=\"noopener\">Estados Unidos<\/a><\/strong>\u00a0aterriz\u00f3 en el Aeropuerto Internacional Malvinas Argentinas de\u00a0<strong>Ushuaia\u00a0<\/strong>poco despu\u00e9s de las 11 de la ma\u00f1ana de este domingo. El hecho ocurri\u00f3 tres d\u00edas despu\u00e9s de la<strong>\u00a0pol\u00e9mica\u00a0<a href=\"https:\/\/www.perfil.com\/noticias\/politica\/el-gobierno-nacional-intervino-el-puerto-de-ushuaia-por-12-meses-en-plena-temporada-de-cruceros.phtml\" target=\"_blank\" rel=\"noopener\">intervenci\u00f3n<\/a>\u00a0del puerto<\/strong>\u00a0local por parte del Gobierno nacional.<\/p>\n<div id=\"standard_1\" class=\"st-placement standard_1 inArticle\"><\/div>\n<p>La aeronave, un\u00a0<strong>Boeing C-40 Clipper<\/strong>\u00a0operado por la\u00a0<a href=\"https:\/\/www.perfil.com\/noticias\/internacional\/estados-unidos-lanzo-un-alerta-para-la-aviacion-por-actividad-militar-en-latinoamerica.phtml\" target=\"_blank\" rel=\"noopener\">Fuerza A\u00e9rea<\/a>\u00a0de Estados Unidos, permaneci\u00f3 dos d\u00edas en Buenos Aires antes de dirigirse a la capital fueguina.\u00a0<strong>Ning\u00fan funcionario argentino ni estadounidense dio explicaciones<\/strong>\u00a0sobre los motivos del vuelo, ni sobre la identidad de tripulantes o pasajeros. Este avi\u00f3n suele usarse para\u00a0<strong>visitas oficiales<\/strong>\u00a0de altos mandos civiles o militares.<\/p>\n<h2>De Maryland a Ushuaia, un vuelo misterioso<\/h2>\n<p>Seg\u00fan se desprende de informaci\u00f3n tomada de portales de seguimiento satelital,\u00a0<strong>el avi\u00f3n despeg\u00f3 de la Base Conjunta Andrews<\/strong>, en Maryland, Estados Unidos, el jueves 22 de enero,\u00a0<strong>el mismo d\u00eda de la intervenci\u00f3n del puerto de Ushuaia.<\/strong>\u00a0El viernes 23 hizo una parada de m\u00e1s de dos horas en\u00a0<strong>San Juan de Puerto Rico<\/strong>. Desde all\u00e1 vol\u00f3 directamente hasta el\u00a0<strong>Aeroparque Jorge Newbery<\/strong>\u00a0de Buenos Aires, al que lleg\u00f3 en la ma\u00f1ana del s\u00e1bado. Fue la \u00faltima escala antes de partir hacia Ushuaia este domingo por la ma\u00f1ana.<\/p>\n<p class=\"destacadoNota\"><a href=\"https:\/\/www.perfil.com\/noticias\/canal-e\/estados-unidos-va-a-dominar-america-latina-por-las-buenas-o-por-las-malas.phtml\" target=\"_blank\" rel=\"noopener\">\u201cEstados Unidos va a dominar Am\u00e9rica Latina por las buenas o por las malas\u201d<\/a><\/p>\n<p>La aeronave opera bajo el c\u00f3digo de llamada RCH del Comando de Movilidad A\u00e9rea de Estados Unidos. Se lo considera una suerte de\u00a0<strong>&#8220;oficina en el cielo&#8221;<\/strong>, ya que est\u00e1 equipado para\u00a0<strong>comunicaciones encriptadas<\/strong>\u00a0y cuenta con \u00e1reas de descanso acordes a pasajeros distinguidos, como altos mandos militares o del gobierno.<\/p>\n<h2>El aterrizaje suma inquietud a una provincia en alerta<\/h2>\n<p>El<strong>\u00a0puerto de Ushuaia<\/strong>, un sitio clave para la\u00a0<strong>log\u00edstica ant\u00e1rtica<\/strong>, el comercio mar\u00edtimo y la proyecci\u00f3n argentina en el Atl\u00e1ntico Sur, fue intervenido por el Gobierno el jueves, lo que provoc\u00f3 la\u00a0<strong>desvinculaci\u00f3n\u00a0<\/strong>de decenas de trabajadores y gener\u00f3 un gran esc\u00e1ndalo en la ciudad.<\/p>\n<p>Las autoridades de Tierra del Fuego consideraron esta medida un\u00a0<strong>avasallamiento al federalismo\u00a0<\/strong>y expresaron sus dudas sobre las motivaciones del Ejecutivo nacional. El gobernador,\u00a0<strong>Gustavo Melella<\/strong>, y senadores como Cristina L\u00f3pez y Pablo Blanco expresaron alarmas por<strong>\u00a0posibles concesiones\u00a0<\/strong>a Estados Unidos, en relaci\u00f3n con la base naval integrada en construcci\u00f3n en la ciudad.<\/p>\n<h2>&#8220;Subordinaci\u00f3n estrat\u00e9gica&#8221;: la cr\u00edtica de Biondini y el comunicado de la CGT local<\/h2>\n<p>En este contexto, este domingo la\u00a0<strong>CGT Regional Ushuaia<\/strong>\u00a0emiti\u00f3 un comunicado donde repudi\u00f3 el aterrizaje del avi\u00f3n estadounidense, interpretado como un\u00a0<strong>atropello a la soberan\u00eda<\/strong>. El texto cuestiona la coincidencia con la intervenci\u00f3n del puerto y contactos con autoridades estadounidenses, y exige transparencia ante la falta de informes oficiales.<\/p>\n<p class=\"destacadoNota\"><a href=\"https:\/\/www.perfil.com\/noticias\/politica\/continuan-los-cruces-entre-nacion-y-tierra-del-fuego-por-el-puerto-de-ushuaia.phtml\" target=\"_blank\" rel=\"noopener\">Contin\u00faan los cruces entre Naci\u00f3n y Tierra del Fuego por el puerto de Ushuaia<\/a><\/p>\n<p>A nivel nacional, la primera figura pol\u00edtica que se expidi\u00f3 fue el excandidato de ultraderecha nacionalista\u00a0<strong>C\u00e9sar Biondini<\/strong>. &#8220;En sincron\u00eda con la intervenci\u00f3n del puerto de Ushuaia, hoy aterriz\u00f3 en la capital fueguina un avi\u00f3n militar de EEUU. No es una aeronave cualquiera: traslada a altos mandos y parti\u00f3 de la base donde se resguarda el avi\u00f3n presidencial de Trump.\u00a0<strong>Los hechos se acumulan. La subordinaci\u00f3n estrat\u00e9gica de Milei se acelera<\/strong>&#8220;, poste\u00f3 en su cuenta de la red social X.<\/p>\n<p>Ante la falta de informaci\u00f3n oficial, las hip\u00f3tesis sobre un acuerdo entre el presidente Javier Milei y Donald Trump para entregar el control del puerto fueguino a Estados Unidos se acrecientan, y el aterrizaje del avi\u00f3n en medio de un herm\u00e9tico silencio de parte de ambos gobiernos no hace m\u00e1s que profundizar la confusi\u00f3n.<\/p>\n<p>FUENTE PERFIL.<\/p>\n<p>&nbsp;<\/p>\n","protected":false},"excerpt":{"rendered":"<p>Un Boeing C-40 Clipper del Departamento de Defensa estadounidense arrib\u00f3 sin anuncios oficiales al aeropuerto&#8230;<\/p>\n","protected":false},"author":1,"featured_media":65199,"comment_status":"closed","ping_status":"closed","sticky":false,"template":"","format":"standard","meta":{"footnotes":""},"categories":[3],"tags":[],"class_list":["post-65198","post","type-post","status-publish","format-standard","has-post-thumbnail","hentry","category-noticias"],"jetpack_featured_media_url":"https:\/\/hablemosclarotdf.com.ar\/wp-content\/uploads\/2026\/01\/avion-de-estados-unidos-en-tierra-del-fuego-20260125-2175295.webp","_links":{"self":[{"href":"https:\/\/hablemosclarotdf.com.ar\/index.php?rest_route=\/wp\/v2\/posts\/65198","targetHints":{"allow":["GET"]}}],"collection":[{"href":"https:\/\/hablemosclarotdf.com.ar\/index.php?rest_route=\/wp\/v2\/posts"}],"about":[{"href":"https:\/\/hablemosclarotdf.com.ar\/index.php?rest_route=\/wp\/v2\/types\/post"}],"author":[{"embeddable":true,"href":"https:\/\/hablemosclarotdf.com.ar\/index.php?rest_route=\/wp\/v2\/users\/1"}],"replies":[{"embeddable":true,"href":"https:\/\/hablemosclarotdf.com.ar\/index.php?rest_route=%2Fwp%2Fv2%2Fcomments&post=65198"}],"version-history":[{"count":1,"href":"https:\/\/hablemosclarotdf.com.ar\/index.php?rest_route=\/wp\/v2\/posts\/65198\/revisions"}],"predecessor-version":[{"id":65200,"href":"https:\/\/hablemosclarotdf.com.ar\/index.php?rest_route=\/wp\/v2\/posts\/65198\/revisions\/65200"}],"wp:featuredmedia":[{"embeddable":true,"href":"https:\/\/hablemosclarotdf.com.ar\/index.php?rest_route=\/wp\/v2\/media\/65199"}],"wp:attachment":[{"href":"https:\/\/hablemosclarotdf.com.ar\/index.php?rest_route=%2Fwp%2Fv2%2Fmedia&parent=65198"}],"wp:term":[{"taxonomy":"category","embeddable":true,"href":"https:\/\/hablemosclarotdf.com.ar\/index.php?rest_route=%2Fwp%2Fv2%2Fcategories&post=65198"},{"taxonomy":"post_tag","embeddable":true,"href":"https:\/\/hablemosclarotdf.com.ar\/index.php?rest_route=%2Fwp%2Fv2%2Ftags&post=65198"}],"curies":[{"name":"wp","href":"https:\/\/api.w.org\/{rel}","templated":true}]}}