{"id":63286,"date":"2025-12-31T11:46:31","date_gmt":"2025-12-31T14:46:31","guid":{"rendered":"https:\/\/hablemosclarotdf.com.ar\/?p=63286"},"modified":"2025-12-31T11:46:31","modified_gmt":"2025-12-31T14:46:31","slug":"rio-grande-como-funcionaran-los-servicios-municipales-durante-ano-nuevo-2","status":"publish","type":"post","link":"https:\/\/hablemosclarotdf.com.ar\/?p=63286","title":{"rendered":"RIO GRANDE : \u00bfC\u00d3MO FUNCIONAR\u00c1N LOS SERVICIOS MUNICIPALES DURANTE A\u00d1O NUEVO?"},"content":{"rendered":"<p>El Municipio de R\u00edo Grande informa a los vecinos y las vecinas de la ciudad como se desarrollar\u00e1n los servicios esenciales en A\u00f1o Nuevo.<\/p>\n<p>Respecto al servicio de recolecci\u00f3n de residuos domiciliarios, el d\u00eda 31 de diciembre la prestaci\u00f3n se desarrollar\u00e1 con normalidad hasta las 16 horas. El d\u00eda 1\u00b0 de enero no se efectuar\u00e1 el servicio.<\/p>\n<p>Se solicita a los vecinos y las vecinas tomar los recaudos necesarios, teniendo en cuenta el cronograma para las festividades de a\u00f1o nuevo, cuidando entre todos y todas la limpieza de nuestra ciudad.<\/p>\n<p>Sobre el Transporte P\u00fablico, el 31 de diciembre los colectivos circular\u00e1n con frecuencia de fin de semana, cortando el servicio a las 21:30 horas. Mientras que el 1\u00b0 de enero, funcionar\u00e1n con frecuencia reducida de 11:00 a 19:30.<\/p>\n<p>Cabe destacar que el Cementerio tendr\u00e1 funcionamiento normal, en el horario de 9 a 18 horas. En tanto que el Estacionamiento Medido no se cobrar\u00e1 durante los feriados.<\/p>\n<p>En cuanto a la L\u00ednea 147 de Atenci\u00f3n Ciudadana, la misma funcionar\u00e1 el 31 de diciembre de 6 a 18 horas; mientras que el 1\u00b0 de enero lo har\u00e1 de 9 a 18 horas. Por emergencias estar\u00e1 disponible las 24 horas el 103 de Defensa Civil.<\/p>\n<p>Desde el Municipio se solicita a la comunidad tener en cuenta este esquema especial y colaborar respetando los horarios establecidos, a fin de contribuir al orden, la limpieza y el cuidado de la ciudad durante las fiestas.<\/p>\n","protected":false},"excerpt":{"rendered":"<p>El Municipio de R\u00edo Grande informa a los vecinos y las vecinas de la ciudad&#8230;<\/p>\n","protected":false},"author":1,"featured_media":63287,"comment_status":"closed","ping_status":"closed","sticky":false,"template":"","format":"standard","meta":{"footnotes":""},"categories":[3],"tags":[],"class_list":["post-63286","post","type-post","status-publish","format-standard","has-post-thumbnail","hentry","category-noticias"],"jetpack_featured_media_url":"https:\/\/hablemosclarotdf.com.ar\/wp-content\/uploads\/2025\/12\/photo_2025-12-31_11-46-08.jpg","_links":{"self":[{"href":"https:\/\/hablemosclarotdf.com.ar\/index.php?rest_route=\/wp\/v2\/posts\/63286","targetHints":{"allow":["GET"]}}],"collection":[{"href":"https:\/\/hablemosclarotdf.com.ar\/index.php?rest_route=\/wp\/v2\/posts"}],"about":[{"href":"https:\/\/hablemosclarotdf.com.ar\/index.php?rest_route=\/wp\/v2\/types\/post"}],"author":[{"embeddable":true,"href":"https:\/\/hablemosclarotdf.com.ar\/index.php?rest_route=\/wp\/v2\/users\/1"}],"replies":[{"embeddable":true,"href":"https:\/\/hablemosclarotdf.com.ar\/index.php?rest_route=%2Fwp%2Fv2%2Fcomments&post=63286"}],"version-history":[{"count":1,"href":"https:\/\/hablemosclarotdf.com.ar\/index.php?rest_route=\/wp\/v2\/posts\/63286\/revisions"}],"predecessor-version":[{"id":63288,"href":"https:\/\/hablemosclarotdf.com.ar\/index.php?rest_route=\/wp\/v2\/posts\/63286\/revisions\/63288"}],"wp:featuredmedia":[{"embeddable":true,"href":"https:\/\/hablemosclarotdf.com.ar\/index.php?rest_route=\/wp\/v2\/media\/63287"}],"wp:attachment":[{"href":"https:\/\/hablemosclarotdf.com.ar\/index.php?rest_route=%2Fwp%2Fv2%2Fmedia&parent=63286"}],"wp:term":[{"taxonomy":"category","embeddable":true,"href":"https:\/\/hablemosclarotdf.com.ar\/index.php?rest_route=%2Fwp%2Fv2%2Fcategories&post=63286"},{"taxonomy":"post_tag","embeddable":true,"href":"https:\/\/hablemosclarotdf.com.ar\/index.php?rest_route=%2Fwp%2Fv2%2Ftags&post=63286"}],"curies":[{"name":"wp","href":"https:\/\/api.w.org\/{rel}","templated":true}]}}