{"id":63257,"date":"2025-12-30T20:15:32","date_gmt":"2025-12-30T23:15:32","guid":{"rendered":"https:\/\/hablemosclarotdf.com.ar\/?p=63257"},"modified":"2025-12-30T20:15:32","modified_gmt":"2025-12-30T23:15:32","slug":"se-despliega-operativo-de-control-preventivo-para-las-fiestas-de-fin-de-ano","status":"publish","type":"post","link":"https:\/\/hablemosclarotdf.com.ar\/?p=63257","title":{"rendered":"SE DESPLIEGA OPERATIVO DE CONTROL PREVENTIVO PARA LAS FIESTAS DE FIN DE A\u00d1O"},"content":{"rendered":"<p>La Secretar\u00eda de Protecci\u00f3n Civil informa que, en el marco de los festejos por el A\u00f1o Nuevo, se implementar\u00e1 un operativo integral de control y prevenci\u00f3n en las ciudades de Ushuaia, Tolhuin y R\u00edo Grande, con especial atenci\u00f3n en la Ruta Nacional N\u00b0 3.<\/p>\n<p>Este despliegue se realizar\u00e1 de manera articulada y en estrecha coordinaci\u00f3n con la Polic\u00eda Provincial; Salud; Manejo del Fuego, Seguridad Vial y Transporte, potenciando los recursos humanos y log\u00edsticos para garantizar una presencia disuasiva y eficaz en todo el territorio fueguino. La colaboraci\u00f3n interinstitucional es fundamental para asegurar una respuesta r\u00e1pida y unificada ante cualquier eventualidad.<\/p>\n<p>El operativo se realizar\u00e1 durante los d\u00edas\u00a031 de diciembre y 1\u00b0 de enero\u00a0e incluir\u00e1:<\/p>\n<p>* Controles de seguridad vial, verificaci\u00f3n de documentaci\u00f3n y controles de alcoholemia.<\/p>\n<p>* Acciones de acompa\u00f1amiento preventivo, con entrega de informaci\u00f3n sobre el \u00edndice de riesgo de incendio, los lugares habilitados para hacer fuego y las condiciones meteorol\u00f3gicas.<\/p>\n<p>Adem\u00e1s, se establecer\u00e1n\u00a0horarios especiales de atenci\u00f3n en el Paso Fronterizo San Sebasti\u00e1n:<\/p>\n<p>* Mi\u00e9rcoles 31 de diciembre: de 6:00 a 20:00 h.<\/p>\n<p>* Jueves 1\u00b0 de enero: de 8:00 a 22:00 h.<\/p>\n<p>Al respecto, el\u00a0Secretario de Protecci\u00f3n Civil, Pedro Franco, se\u00f1al\u00f3:\u00a0\u201cEste operativo se enmarca en los d\u00edas festivos, cuando se registra un importante movimiento de personas en toda la provincia. Nuestro objetivo principal es cuidarnos entre todos y prevenir situaciones de riesgo&#8221;.<\/p>\n<p>Finalmente, el Gobierno provincial recuerda que, ante cualquier emergencia, se encuentran disponibles las l\u00edneas de contacto\u00a0103\u00a0y\u00a0911.<\/p>\n<p><img loading=\"lazy\" decoding=\"async\" class=\"alignnone size-medium wp-image-63259\" src=\"https:\/\/hablemosclarotdf.com.ar\/wp-content\/uploads\/2025\/12\/photo_2025-12-30_20-13-22-300x200.jpg\" alt=\"\" width=\"300\" height=\"200\" srcset=\"https:\/\/hablemosclarotdf.com.ar\/wp-content\/uploads\/2025\/12\/photo_2025-12-30_20-13-22-300x200.jpg 300w, https:\/\/hablemosclarotdf.com.ar\/wp-content\/uploads\/2025\/12\/photo_2025-12-30_20-13-22-1024x684.jpg 1024w, https:\/\/hablemosclarotdf.com.ar\/wp-content\/uploads\/2025\/12\/photo_2025-12-30_20-13-22-768x513.jpg 768w, https:\/\/hablemosclarotdf.com.ar\/wp-content\/uploads\/2025\/12\/photo_2025-12-30_20-13-22.jpg 1280w\" sizes=\"auto, (max-width: 300px) 100vw, 300px\" \/> <img loading=\"lazy\" decoding=\"async\" class=\"alignnone size-medium wp-image-63260\" src=\"https:\/\/hablemosclarotdf.com.ar\/wp-content\/uploads\/2025\/12\/photo_2025-12-30_20-13-26-300x200.jpg\" alt=\"\" width=\"300\" height=\"200\" srcset=\"https:\/\/hablemosclarotdf.com.ar\/wp-content\/uploads\/2025\/12\/photo_2025-12-30_20-13-26-300x200.jpg 300w, https:\/\/hablemosclarotdf.com.ar\/wp-content\/uploads\/2025\/12\/photo_2025-12-30_20-13-26-1024x684.jpg 1024w, https:\/\/hablemosclarotdf.com.ar\/wp-content\/uploads\/2025\/12\/photo_2025-12-30_20-13-26-768x513.jpg 768w, https:\/\/hablemosclarotdf.com.ar\/wp-content\/uploads\/2025\/12\/photo_2025-12-30_20-13-26.jpg 1280w\" sizes=\"auto, (max-width: 300px) 100vw, 300px\" \/> <img loading=\"lazy\" decoding=\"async\" class=\"alignnone size-medium wp-image-63261\" src=\"https:\/\/hablemosclarotdf.com.ar\/wp-content\/uploads\/2025\/12\/photo_2025-12-30_20-13-31-300x200.jpg\" alt=\"\" width=\"300\" height=\"200\" srcset=\"https:\/\/hablemosclarotdf.com.ar\/wp-content\/uploads\/2025\/12\/photo_2025-12-30_20-13-31-300x200.jpg 300w, https:\/\/hablemosclarotdf.com.ar\/wp-content\/uploads\/2025\/12\/photo_2025-12-30_20-13-31-1024x684.jpg 1024w, https:\/\/hablemosclarotdf.com.ar\/wp-content\/uploads\/2025\/12\/photo_2025-12-30_20-13-31-768x513.jpg 768w, https:\/\/hablemosclarotdf.com.ar\/wp-content\/uploads\/2025\/12\/photo_2025-12-30_20-13-31.jpg 1280w\" sizes=\"auto, (max-width: 300px) 100vw, 300px\" \/> <img loading=\"lazy\" decoding=\"async\" class=\"alignnone size-medium wp-image-63262\" src=\"https:\/\/hablemosclarotdf.com.ar\/wp-content\/uploads\/2025\/12\/photo_2025-12-30_20-13-39-300x200.jpg\" alt=\"\" width=\"300\" height=\"200\" srcset=\"https:\/\/hablemosclarotdf.com.ar\/wp-content\/uploads\/2025\/12\/photo_2025-12-30_20-13-39-300x200.jpg 300w, https:\/\/hablemosclarotdf.com.ar\/wp-content\/uploads\/2025\/12\/photo_2025-12-30_20-13-39-1024x682.jpg 1024w, https:\/\/hablemosclarotdf.com.ar\/wp-content\/uploads\/2025\/12\/photo_2025-12-30_20-13-39-768x512.jpg 768w, https:\/\/hablemosclarotdf.com.ar\/wp-content\/uploads\/2025\/12\/photo_2025-12-30_20-13-39.jpg 1280w\" sizes=\"auto, (max-width: 300px) 100vw, 300px\" \/> <img loading=\"lazy\" decoding=\"async\" class=\"alignnone size-medium wp-image-63263\" src=\"https:\/\/hablemosclarotdf.com.ar\/wp-content\/uploads\/2025\/12\/photo_2025-12-30_20-13-53-300x200.jpg\" alt=\"\" width=\"300\" height=\"200\" srcset=\"https:\/\/hablemosclarotdf.com.ar\/wp-content\/uploads\/2025\/12\/photo_2025-12-30_20-13-53-300x200.jpg 300w, https:\/\/hablemosclarotdf.com.ar\/wp-content\/uploads\/2025\/12\/photo_2025-12-30_20-13-53-1024x682.jpg 1024w, https:\/\/hablemosclarotdf.com.ar\/wp-content\/uploads\/2025\/12\/photo_2025-12-30_20-13-53-768x512.jpg 768w, https:\/\/hablemosclarotdf.com.ar\/wp-content\/uploads\/2025\/12\/photo_2025-12-30_20-13-53.jpg 1280w\" sizes=\"auto, (max-width: 300px) 100vw, 300px\" \/><\/p>\n","protected":false},"excerpt":{"rendered":"<p>La Secretar\u00eda de Protecci\u00f3n Civil informa que, en el marco de los festejos por el&#8230;<\/p>\n","protected":false},"author":1,"featured_media":63258,"comment_status":"closed","ping_status":"closed","sticky":false,"template":"","format":"standard","meta":{"footnotes":""},"categories":[3],"tags":[],"class_list":["post-63257","post","type-post","status-publish","format-standard","has-post-thumbnail","hentry","category-noticias"],"jetpack_featured_media_url":"https:\/\/hablemosclarotdf.com.ar\/wp-content\/uploads\/2025\/12\/photo_2025-12-30_20-13-13.jpg","_links":{"self":[{"href":"https:\/\/hablemosclarotdf.com.ar\/index.php?rest_route=\/wp\/v2\/posts\/63257","targetHints":{"allow":["GET"]}}],"collection":[{"href":"https:\/\/hablemosclarotdf.com.ar\/index.php?rest_route=\/wp\/v2\/posts"}],"about":[{"href":"https:\/\/hablemosclarotdf.com.ar\/index.php?rest_route=\/wp\/v2\/types\/post"}],"author":[{"embeddable":true,"href":"https:\/\/hablemosclarotdf.com.ar\/index.php?rest_route=\/wp\/v2\/users\/1"}],"replies":[{"embeddable":true,"href":"https:\/\/hablemosclarotdf.com.ar\/index.php?rest_route=%2Fwp%2Fv2%2Fcomments&post=63257"}],"version-history":[{"count":1,"href":"https:\/\/hablemosclarotdf.com.ar\/index.php?rest_route=\/wp\/v2\/posts\/63257\/revisions"}],"predecessor-version":[{"id":63264,"href":"https:\/\/hablemosclarotdf.com.ar\/index.php?rest_route=\/wp\/v2\/posts\/63257\/revisions\/63264"}],"wp:featuredmedia":[{"embeddable":true,"href":"https:\/\/hablemosclarotdf.com.ar\/index.php?rest_route=\/wp\/v2\/media\/63258"}],"wp:attachment":[{"href":"https:\/\/hablemosclarotdf.com.ar\/index.php?rest_route=%2Fwp%2Fv2%2Fmedia&parent=63257"}],"wp:term":[{"taxonomy":"category","embeddable":true,"href":"https:\/\/hablemosclarotdf.com.ar\/index.php?rest_route=%2Fwp%2Fv2%2Fcategories&post=63257"},{"taxonomy":"post_tag","embeddable":true,"href":"https:\/\/hablemosclarotdf.com.ar\/index.php?rest_route=%2Fwp%2Fv2%2Ftags&post=63257"}],"curies":[{"name":"wp","href":"https:\/\/api.w.org\/{rel}","templated":true}]}}