{"id":63247,"date":"2025-12-30T18:19:35","date_gmt":"2025-12-30T21:19:35","guid":{"rendered":"https:\/\/hablemosclarotdf.com.ar\/?p=63247"},"modified":"2025-12-30T18:19:35","modified_gmt":"2025-12-30T21:19:35","slug":"el-gobierno-provincial-decreta-duelo-por-el-fallecimiento-del-historico-dirigente-esteban-chiquito-martinez","status":"publish","type":"post","link":"https:\/\/hablemosclarotdf.com.ar\/?p=63247","title":{"rendered":"EL GOBIERNO PROVINCIAL DECRETA DUELO POR EL FALLECIMIENTO DEL HIST\u00d3RICO DIRIGENTE ESTEBAN &#8220;CHIQUITO&#8221; MARTINEZ"},"content":{"rendered":"<p>El Gobierno de Tierra del Fuego, Ant\u00e1rtida e Islas del Atl\u00e1ntico Sur comunica con profundo pesar el fallecimiento del se\u00f1or Esteban &#8220;Chiquito&#8221; Mart\u00ednez, figura hist\u00f3rica de la vida pol\u00edtica e institucional fueguina.<\/p>\n<p>En reconocimiento a su invaluable trayectoria y legado, el Poder Ejecutivo ha decretado duelo provincial mediante el Decreto N\u00b0 3010\/25, firmado el 30 de diciembre de 2025.<\/p>\n<p>El decreto establece, duelo provincial por un plazo de 3 d\u00edas, a partir del 30 de diciembre de 2025. As\u00ed como izamiento a media asta del Pabell\u00f3n Nacional y el Pabell\u00f3n Provincial en todos los edificios p\u00fablicos de la provincia, conforme a lo dispuesto por la Ley Provincial N\u00b0 1274 (art\u00edculo 7\u00b0, inciso k).<\/p>\n<p>La carrera p\u00fablica de &#8220;Chiquito&#8221; Mart\u00ednez se distingui\u00f3 por su vocaci\u00f3n democr\u00e1tica y su entrega a la comunidad de R\u00edo Grande y toda la provincia. Entre los hitos m\u00e1s destacados de su trayectoria, se recuerda su elecci\u00f3n como primer Intendente de R\u00edo Grande tras el retorno de la democracia, cargo para el cual fue reelecto en cuatro oportunidades consecutivas, demostrando el amplio respaldo y confianza de sus vecinos.<\/p>\n<p>Su trabajo se caracteriz\u00f3 por un compromiso inquebrantable con las necesidades de la comunidad, consolid\u00e1ndose como un referente fundamental en la construcci\u00f3n de la vida institucional fueguina.<\/p>\n<p>El Gobierno de la Provincia de Tierra del Fuego, Ant\u00e1rtida e Islas del Atl\u00e1ntico Sur, en nombre de todo su pueblo, expresa sus m\u00e1s sentidas condolencias a la familia, amigos y seres queridos de Esteban &#8220;Chiquito&#8221; Mart\u00ednez, acompa\u00f1\u00e1ndolos en este momento de profundo dolor.<\/p>\n","protected":false},"excerpt":{"rendered":"<p>El Gobierno de Tierra del Fuego, Ant\u00e1rtida e Islas del Atl\u00e1ntico Sur comunica con profundo&#8230;<\/p>\n","protected":false},"author":1,"featured_media":63248,"comment_status":"closed","ping_status":"closed","sticky":false,"template":"","format":"standard","meta":{"footnotes":""},"categories":[3],"tags":[],"class_list":["post-63247","post","type-post","status-publish","format-standard","has-post-thumbnail","hentry","category-noticias"],"jetpack_featured_media_url":"https:\/\/hablemosclarotdf.com.ar\/wp-content\/uploads\/2025\/12\/photo_2025-12-30_18-19-02.jpg","_links":{"self":[{"href":"https:\/\/hablemosclarotdf.com.ar\/index.php?rest_route=\/wp\/v2\/posts\/63247","targetHints":{"allow":["GET"]}}],"collection":[{"href":"https:\/\/hablemosclarotdf.com.ar\/index.php?rest_route=\/wp\/v2\/posts"}],"about":[{"href":"https:\/\/hablemosclarotdf.com.ar\/index.php?rest_route=\/wp\/v2\/types\/post"}],"author":[{"embeddable":true,"href":"https:\/\/hablemosclarotdf.com.ar\/index.php?rest_route=\/wp\/v2\/users\/1"}],"replies":[{"embeddable":true,"href":"https:\/\/hablemosclarotdf.com.ar\/index.php?rest_route=%2Fwp%2Fv2%2Fcomments&post=63247"}],"version-history":[{"count":1,"href":"https:\/\/hablemosclarotdf.com.ar\/index.php?rest_route=\/wp\/v2\/posts\/63247\/revisions"}],"predecessor-version":[{"id":63249,"href":"https:\/\/hablemosclarotdf.com.ar\/index.php?rest_route=\/wp\/v2\/posts\/63247\/revisions\/63249"}],"wp:featuredmedia":[{"embeddable":true,"href":"https:\/\/hablemosclarotdf.com.ar\/index.php?rest_route=\/wp\/v2\/media\/63248"}],"wp:attachment":[{"href":"https:\/\/hablemosclarotdf.com.ar\/index.php?rest_route=%2Fwp%2Fv2%2Fmedia&parent=63247"}],"wp:term":[{"taxonomy":"category","embeddable":true,"href":"https:\/\/hablemosclarotdf.com.ar\/index.php?rest_route=%2Fwp%2Fv2%2Fcategories&post=63247"},{"taxonomy":"post_tag","embeddable":true,"href":"https:\/\/hablemosclarotdf.com.ar\/index.php?rest_route=%2Fwp%2Fv2%2Ftags&post=63247"}],"curies":[{"name":"wp","href":"https:\/\/api.w.org\/{rel}","templated":true}]}}