{"id":63230,"date":"2025-12-30T14:55:50","date_gmt":"2025-12-30T17:55:50","guid":{"rendered":"https:\/\/hablemosclarotdf.com.ar\/?p=63230"},"modified":"2025-12-30T14:55:50","modified_gmt":"2025-12-30T17:55:50","slug":"rio-grande-despide-con-honores-a-esteban-chiquito-martinez","status":"publish","type":"post","link":"https:\/\/hablemosclarotdf.com.ar\/?p=63230","title":{"rendered":"R\u00cdO GRANDE DESPIDE CON HONORES A ESTEBAN \u201cCHIQUITO\u201d MART\u00cdNEZ"},"content":{"rendered":"<p>El intendente Mart\u00edn Perez decret\u00f3 duelo por el t\u00e9rmino de tres d\u00edas, a partir de este martes 30 de diciembre, con motivo del fallecimiento del intendente mandato cumplido e hist\u00f3rico dirigente, Esteban \u201cChiquito\u201d Mart\u00ednez. Se dispondr\u00e1n las banderas a media asta en todos los espacios p\u00fablicos de la ciudad, en memoria y reconocimiento de quien en vida fuera Ciudadano Ilustre de R\u00edo Grande.<\/p>\n<p>Las y los riograndenses lo despiden con profundo respeto y gratitud, reconociendo en \u00e9l no s\u00f3lo aquel legado que nos dej\u00f3 trascendiendo obras y gestiones; sino tambi\u00e9n al vecino que con su ejemplo de entrega, pertenencia y vocaci\u00f3n de servicio ayud\u00f3 a construir la identidad de nuestra ciudad.<\/p>\n<p>Sus restos ser\u00e1n velados en el Centro Deportivo Municipal (Av. Belgrano 970) este martes 30 de diciembre, en el horario de 17 a 22 y el d\u00eda mi\u00e9rcoles 31 de 9 a 12 horas, tras lo cual se realizar\u00e1 el traslado para su cristiana sepultura en el Cementerio Local.<\/p>\n<p>De esta forma, R\u00edo Grande despide a uno de sus grandes protagonistas acompa\u00f1ando con respeto y afecto a su familia y seres queridos y honrando la memoria de un hombre que marc\u00f3 para siempre la historia riograndense.<\/p>\n","protected":false},"excerpt":{"rendered":"<p>El intendente Mart\u00edn Perez decret\u00f3 duelo por el t\u00e9rmino de tres d\u00edas, a partir de&#8230;<\/p>\n","protected":false},"author":1,"featured_media":63231,"comment_status":"closed","ping_status":"closed","sticky":false,"template":"","format":"standard","meta":{"footnotes":""},"categories":[3],"tags":[],"class_list":["post-63230","post","type-post","status-publish","format-standard","has-post-thumbnail","hentry","category-noticias"],"jetpack_featured_media_url":"https:\/\/hablemosclarotdf.com.ar\/wp-content\/uploads\/2025\/12\/photo_2025-12-30_14-54-09.jpg","_links":{"self":[{"href":"https:\/\/hablemosclarotdf.com.ar\/index.php?rest_route=\/wp\/v2\/posts\/63230","targetHints":{"allow":["GET"]}}],"collection":[{"href":"https:\/\/hablemosclarotdf.com.ar\/index.php?rest_route=\/wp\/v2\/posts"}],"about":[{"href":"https:\/\/hablemosclarotdf.com.ar\/index.php?rest_route=\/wp\/v2\/types\/post"}],"author":[{"embeddable":true,"href":"https:\/\/hablemosclarotdf.com.ar\/index.php?rest_route=\/wp\/v2\/users\/1"}],"replies":[{"embeddable":true,"href":"https:\/\/hablemosclarotdf.com.ar\/index.php?rest_route=%2Fwp%2Fv2%2Fcomments&post=63230"}],"version-history":[{"count":1,"href":"https:\/\/hablemosclarotdf.com.ar\/index.php?rest_route=\/wp\/v2\/posts\/63230\/revisions"}],"predecessor-version":[{"id":63232,"href":"https:\/\/hablemosclarotdf.com.ar\/index.php?rest_route=\/wp\/v2\/posts\/63230\/revisions\/63232"}],"wp:featuredmedia":[{"embeddable":true,"href":"https:\/\/hablemosclarotdf.com.ar\/index.php?rest_route=\/wp\/v2\/media\/63231"}],"wp:attachment":[{"href":"https:\/\/hablemosclarotdf.com.ar\/index.php?rest_route=%2Fwp%2Fv2%2Fmedia&parent=63230"}],"wp:term":[{"taxonomy":"category","embeddable":true,"href":"https:\/\/hablemosclarotdf.com.ar\/index.php?rest_route=%2Fwp%2Fv2%2Fcategories&post=63230"},{"taxonomy":"post_tag","embeddable":true,"href":"https:\/\/hablemosclarotdf.com.ar\/index.php?rest_route=%2Fwp%2Fv2%2Ftags&post=63230"}],"curies":[{"name":"wp","href":"https:\/\/api.w.org\/{rel}","templated":true}]}}