{"id":63226,"date":"2025-12-30T14:32:39","date_gmt":"2025-12-30T17:32:39","guid":{"rendered":"https:\/\/hablemosclarotdf.com.ar\/?p=63226"},"modified":"2025-12-30T14:32:39","modified_gmt":"2025-12-30T17:32:39","slug":"rio-grande-martin-perez-despidio-a-esteban-chiquito-martinez-y-destaco-su-legado-historico-para-rio-grande","status":"publish","type":"post","link":"https:\/\/hablemosclarotdf.com.ar\/?p=63226","title":{"rendered":"RIO GRANDE : MART\u00cdN PEREZ DESPIDI\u00d3 A ESTEBAN &#8220;CHIQUITO&#8221; MART\u00cdNEZ Y DESTAC\u00d3 SU LEGADO HIST\u00d3RICO PARA R\u00cdO GRANDE"},"content":{"rendered":"<p>El intendente Mart\u00edn Perez expres\u00f3 su profundo pesar por el fallecimiento de Esteban \u201cChiquito\u201d Mart\u00ednez, a quien defini\u00f3 como \u201cel intendente m\u00e1s transformador de la historia de nuestra ciudad\u201d, y resalt\u00f3 su legado pol\u00edtico, social e institucional que marc\u00f3 un antes y un despu\u00e9s en el desarrollo de R\u00edo Grande.<\/p>\n<p>\u201cCon profundo dolor despedimos a un hombre que dedic\u00f3 su vida a que R\u00edo Grande sea un lugar mejor para vivir. Chiquito Mart\u00ednez fue un dirigente con una visi\u00f3n clara, decisiones valientes y un compromiso inquebrantable con su pueblo\u201d, expres\u00f3 Perez.<\/p>\n<p>El jefe comunal destac\u00f3 que la gesti\u00f3n de Mart\u00ednez sent\u00f3 bases fundamentales para el crecimiento de la ciudad, ampliando derechos, impulsando el desarrollo urbano y fortaleciendo la identidad riograndense. \u201cSu legado trasciende las obras y las gestiones. Vive en la identidad de la ciudad que ayud\u00f3 a construir y en la memoria colectiva de generaciones enteras\u201d, afirm\u00f3.<\/p>\n<p>En el plano personal, Perez subray\u00f3 el v\u00ednculo humano y pol\u00edtico que lo un\u00eda con el exintendente. \u201cChiquito fue un enorme compa\u00f1ero y un entra\u00f1able amigo. Su palabra, su experiencia y su consejo, siempre generoso y desinteresado, fueron una gu\u00eda permanente. Su partida deja un vac\u00edo irreparable\u201d, se\u00f1al\u00f3.<\/p>\n<p>Finalmente, el Intendente acompa\u00f1\u00f3 con especial afecto a la familia de Mart\u00ednez: \u201cquiero saludar a toda su familia, especialmente a Rosario y a sus hijos, dese\u00e1ndoles la fortaleza necesaria para atravesar este momento tan doloroso\u201d.<\/p>\n<p>\u201cEsteban \u2018Chiquito\u2019 Mart\u00ednez seguir\u00e1 siendo para siempre una referencia ineludible de la historia pol\u00edtica y social de R\u00edo Grande. Su huella es imborrable\u201d, concluy\u00f3 Perez.<\/p>\n<p><img loading=\"lazy\" decoding=\"async\" class=\"alignnone size-large wp-image-63228\" src=\"https:\/\/hablemosclarotdf.com.ar\/wp-content\/uploads\/2025\/12\/photo_2025-12-30_14-29-30-1024x682.jpg\" alt=\"\" width=\"640\" height=\"426\" srcset=\"https:\/\/hablemosclarotdf.com.ar\/wp-content\/uploads\/2025\/12\/photo_2025-12-30_14-29-30-1024x682.jpg 1024w, https:\/\/hablemosclarotdf.com.ar\/wp-content\/uploads\/2025\/12\/photo_2025-12-30_14-29-30-300x200.jpg 300w, https:\/\/hablemosclarotdf.com.ar\/wp-content\/uploads\/2025\/12\/photo_2025-12-30_14-29-30-768x512.jpg 768w, https:\/\/hablemosclarotdf.com.ar\/wp-content\/uploads\/2025\/12\/photo_2025-12-30_14-29-30.jpg 1280w\" sizes=\"auto, (max-width: 640px) 100vw, 640px\" \/><\/p>\n","protected":false},"excerpt":{"rendered":"<p>El intendente Mart\u00edn Perez expres\u00f3 su profundo pesar por el fallecimiento de Esteban \u201cChiquito\u201d Mart\u00ednez,&#8230;<\/p>\n","protected":false},"author":1,"featured_media":63227,"comment_status":"closed","ping_status":"closed","sticky":false,"template":"","format":"standard","meta":{"footnotes":""},"categories":[3],"tags":[],"class_list":["post-63226","post","type-post","status-publish","format-standard","has-post-thumbnail","hentry","category-noticias"],"jetpack_featured_media_url":"https:\/\/hablemosclarotdf.com.ar\/wp-content\/uploads\/2025\/12\/photo_2025-12-30_14-29-24.jpg","_links":{"self":[{"href":"https:\/\/hablemosclarotdf.com.ar\/index.php?rest_route=\/wp\/v2\/posts\/63226","targetHints":{"allow":["GET"]}}],"collection":[{"href":"https:\/\/hablemosclarotdf.com.ar\/index.php?rest_route=\/wp\/v2\/posts"}],"about":[{"href":"https:\/\/hablemosclarotdf.com.ar\/index.php?rest_route=\/wp\/v2\/types\/post"}],"author":[{"embeddable":true,"href":"https:\/\/hablemosclarotdf.com.ar\/index.php?rest_route=\/wp\/v2\/users\/1"}],"replies":[{"embeddable":true,"href":"https:\/\/hablemosclarotdf.com.ar\/index.php?rest_route=%2Fwp%2Fv2%2Fcomments&post=63226"}],"version-history":[{"count":1,"href":"https:\/\/hablemosclarotdf.com.ar\/index.php?rest_route=\/wp\/v2\/posts\/63226\/revisions"}],"predecessor-version":[{"id":63229,"href":"https:\/\/hablemosclarotdf.com.ar\/index.php?rest_route=\/wp\/v2\/posts\/63226\/revisions\/63229"}],"wp:featuredmedia":[{"embeddable":true,"href":"https:\/\/hablemosclarotdf.com.ar\/index.php?rest_route=\/wp\/v2\/media\/63227"}],"wp:attachment":[{"href":"https:\/\/hablemosclarotdf.com.ar\/index.php?rest_route=%2Fwp%2Fv2%2Fmedia&parent=63226"}],"wp:term":[{"taxonomy":"category","embeddable":true,"href":"https:\/\/hablemosclarotdf.com.ar\/index.php?rest_route=%2Fwp%2Fv2%2Fcategories&post=63226"},{"taxonomy":"post_tag","embeddable":true,"href":"https:\/\/hablemosclarotdf.com.ar\/index.php?rest_route=%2Fwp%2Fv2%2Ftags&post=63226"}],"curies":[{"name":"wp","href":"https:\/\/api.w.org\/{rel}","templated":true}]}}