{"id":63212,"date":"2025-12-30T13:09:41","date_gmt":"2025-12-30T16:09:41","guid":{"rendered":"https:\/\/hablemosclarotdf.com.ar\/?p=63212"},"modified":"2025-12-30T13:09:41","modified_gmt":"2025-12-30T16:09:41","slug":"alerta-amarilla-por-lluvias-intesas-y-fuertes-vientos","status":"publish","type":"post","link":"https:\/\/hablemosclarotdf.com.ar\/?p=63212","title":{"rendered":"ALERTA AMARILLA POR LLUVIAS INTESAS Y FUERTES VIENTOS"},"content":{"rendered":"<p>La Secretar\u00eda de Protecci\u00f3n Civil informa que el Servicio Meteorol\u00f3gico Nacional emiti\u00f3 una Alerta Amarilla en toda la provincia de Tierra del Fuego para este martes 30 de diciembre por lluvias persistentes con precipitaciones que pueden alcanzar entre 10 y 15 mm, y por vientos intensos en la zona norte durante la tarde\/noche que podr\u00e1n alcanzar velocidades entre 40 y 60 km\/h con r\u00e1fagas que podr\u00e1n superar los 100 km\/h.<\/p>\n<p>Adem\u00e1s, se prev\u00e9 intensas precipitaciones para el d\u00eda 1 de enero en la zona sur de la provincia, por lo que se recomienda tomar las precauciones pertinentes.<\/p>\n<p>Ante este tipo de condiciones se recomienda no sacar la basura, transitar por la ruta con m\u00e1xima precauci\u00f3n y respetar las se\u00f1ales e indicaciones de las autoridades. Adem\u00e1s, evitar la circulaci\u00f3n innecesaria en zonas arboladas durante los momentos de viento m\u00e1s intenso.<\/p>\n<p>Ante cualquier situaci\u00f3n de emergencia llamar al 911 o al 103.<\/p>\n","protected":false},"excerpt":{"rendered":"<p>La Secretar\u00eda de Protecci\u00f3n Civil informa que el Servicio Meteorol\u00f3gico Nacional emiti\u00f3 una Alerta Amarilla&#8230;<\/p>\n","protected":false},"author":1,"featured_media":63213,"comment_status":"closed","ping_status":"closed","sticky":false,"template":"","format":"standard","meta":{"footnotes":""},"categories":[3],"tags":[],"class_list":["post-63212","post","type-post","status-publish","format-standard","has-post-thumbnail","hentry","category-noticias"],"jetpack_featured_media_url":"https:\/\/hablemosclarotdf.com.ar\/wp-content\/uploads\/2025\/12\/photo_2025-12-30_13-07-56.jpg","_links":{"self":[{"href":"https:\/\/hablemosclarotdf.com.ar\/index.php?rest_route=\/wp\/v2\/posts\/63212","targetHints":{"allow":["GET"]}}],"collection":[{"href":"https:\/\/hablemosclarotdf.com.ar\/index.php?rest_route=\/wp\/v2\/posts"}],"about":[{"href":"https:\/\/hablemosclarotdf.com.ar\/index.php?rest_route=\/wp\/v2\/types\/post"}],"author":[{"embeddable":true,"href":"https:\/\/hablemosclarotdf.com.ar\/index.php?rest_route=\/wp\/v2\/users\/1"}],"replies":[{"embeddable":true,"href":"https:\/\/hablemosclarotdf.com.ar\/index.php?rest_route=%2Fwp%2Fv2%2Fcomments&post=63212"}],"version-history":[{"count":1,"href":"https:\/\/hablemosclarotdf.com.ar\/index.php?rest_route=\/wp\/v2\/posts\/63212\/revisions"}],"predecessor-version":[{"id":63214,"href":"https:\/\/hablemosclarotdf.com.ar\/index.php?rest_route=\/wp\/v2\/posts\/63212\/revisions\/63214"}],"wp:featuredmedia":[{"embeddable":true,"href":"https:\/\/hablemosclarotdf.com.ar\/index.php?rest_route=\/wp\/v2\/media\/63213"}],"wp:attachment":[{"href":"https:\/\/hablemosclarotdf.com.ar\/index.php?rest_route=%2Fwp%2Fv2%2Fmedia&parent=63212"}],"wp:term":[{"taxonomy":"category","embeddable":true,"href":"https:\/\/hablemosclarotdf.com.ar\/index.php?rest_route=%2Fwp%2Fv2%2Fcategories&post=63212"},{"taxonomy":"post_tag","embeddable":true,"href":"https:\/\/hablemosclarotdf.com.ar\/index.php?rest_route=%2Fwp%2Fv2%2Ftags&post=63212"}],"curies":[{"name":"wp","href":"https:\/\/api.w.org\/{rel}","templated":true}]}}