{"id":63208,"date":"2025-12-30T13:07:34","date_gmt":"2025-12-30T16:07:34","guid":{"rendered":"https:\/\/hablemosclarotdf.com.ar\/?p=63208"},"modified":"2025-12-30T13:07:34","modified_gmt":"2025-12-30T16:07:34","slug":"rio-grande-por-lluvias-extraordinarias-el-municipio-recomienda-extremar-precauciones","status":"publish","type":"post","link":"https:\/\/hablemosclarotdf.com.ar\/?p=63208","title":{"rendered":"RIO GRANDE : POR LLUVIAS EXTRAORDINARIAS, EL MUNICIPIO RECOMIENDA EXTREMAR PRECAUCIONES"},"content":{"rendered":"<p>Producto de las intensas lluvias registradas en las \u00faltimas horas, el Municipio solicita la colaboraci\u00f3n de la comunidad para minimizar riesgos y facilitar el escurrimiento del agua. Se prev\u00e9 que las precipitaciones disminuyan en horas de la tarde.<\/p>\n<p>Ante las lluvias extraordinarias registradas en la ciudad durante las \u00faltimas 24 horas, con un acumulado aproximado de 7,6 mil\u00edmetros, el Municipio de R\u00edo Grande informa que se realizan trabajos en diversas zonas de la ciudad para resguardar la seguridad de la comunidad.<\/p>\n<p>En este marco, personal del \u00e1rea de Obras P\u00fablicas se encuentra trabajando de manera continua en el mantenimiento y funcionamiento del sistema pluvial, realizando tareas de limpieza, control y desobstrucci\u00f3n en distintos puntos de la ciudad.<\/p>\n<p>Asimismo, se solicita a vecinos y vecinas adoptar medidas de cuidado para resguardar su seguridad y la de terceros como despejar veredas y cordones cuneta, no arrojar residuos en la v\u00eda p\u00fablica y retirar todo tipo de objetos que puedan obstruir bocas de tormenta y desag\u00fces pluviales, permitiendo as\u00ed un adecuado drenaje del agua.<\/p>\n<p>En cuanto a la circulaci\u00f3n, se insta tanto a peatones como a conductores a transitar con extrema precauci\u00f3n, reducir la velocidad, respetar las normas de tr\u00e1nsito y evitar circular por calles o zonas anegadas, priorizando siempre la seguridad personal y colectiva.<\/p>\n<p>Prestar especial atenci\u00f3n a ni\u00f1as, ni\u00f1os, personas mayores y personas con movilidad reducida.<\/p>\n<p>Finalmente, el Municipio recuerda que, ante cualquier situaci\u00f3n de emergencia o eventualidad, se solicita comunicarse a las l\u00edneas 103 de Defensa Civil, 100 de Bomberos y 107 de Ambulancia.<\/p>\n<p>La colaboraci\u00f3n de la comunidad es fundamental para cuidar la seguridad de todos y todas.<\/p>\n<p><img loading=\"lazy\" decoding=\"async\" class=\"alignnone size-medium wp-image-63210\" src=\"https:\/\/hablemosclarotdf.com.ar\/wp-content\/uploads\/2025\/12\/photo_2025-12-30_13-06-36-300x169.jpg\" alt=\"\" width=\"300\" height=\"169\" srcset=\"https:\/\/hablemosclarotdf.com.ar\/wp-content\/uploads\/2025\/12\/photo_2025-12-30_13-06-36-300x169.jpg 300w, https:\/\/hablemosclarotdf.com.ar\/wp-content\/uploads\/2025\/12\/photo_2025-12-30_13-06-36-1024x575.jpg 1024w, https:\/\/hablemosclarotdf.com.ar\/wp-content\/uploads\/2025\/12\/photo_2025-12-30_13-06-36-768x431.jpg 768w, https:\/\/hablemosclarotdf.com.ar\/wp-content\/uploads\/2025\/12\/photo_2025-12-30_13-06-36.jpg 1280w\" sizes=\"auto, (max-width: 300px) 100vw, 300px\" \/><\/p>\n","protected":false},"excerpt":{"rendered":"<p>Producto de las intensas lluvias registradas en las \u00faltimas horas, el Municipio solicita la colaboraci\u00f3n&#8230;<\/p>\n","protected":false},"author":1,"featured_media":63209,"comment_status":"closed","ping_status":"closed","sticky":false,"template":"","format":"standard","meta":{"footnotes":""},"categories":[3],"tags":[],"class_list":["post-63208","post","type-post","status-publish","format-standard","has-post-thumbnail","hentry","category-noticias"],"jetpack_featured_media_url":"https:\/\/hablemosclarotdf.com.ar\/wp-content\/uploads\/2025\/12\/photo_2025-12-30_13-06-17.jpg","_links":{"self":[{"href":"https:\/\/hablemosclarotdf.com.ar\/index.php?rest_route=\/wp\/v2\/posts\/63208","targetHints":{"allow":["GET"]}}],"collection":[{"href":"https:\/\/hablemosclarotdf.com.ar\/index.php?rest_route=\/wp\/v2\/posts"}],"about":[{"href":"https:\/\/hablemosclarotdf.com.ar\/index.php?rest_route=\/wp\/v2\/types\/post"}],"author":[{"embeddable":true,"href":"https:\/\/hablemosclarotdf.com.ar\/index.php?rest_route=\/wp\/v2\/users\/1"}],"replies":[{"embeddable":true,"href":"https:\/\/hablemosclarotdf.com.ar\/index.php?rest_route=%2Fwp%2Fv2%2Fcomments&post=63208"}],"version-history":[{"count":1,"href":"https:\/\/hablemosclarotdf.com.ar\/index.php?rest_route=\/wp\/v2\/posts\/63208\/revisions"}],"predecessor-version":[{"id":63211,"href":"https:\/\/hablemosclarotdf.com.ar\/index.php?rest_route=\/wp\/v2\/posts\/63208\/revisions\/63211"}],"wp:featuredmedia":[{"embeddable":true,"href":"https:\/\/hablemosclarotdf.com.ar\/index.php?rest_route=\/wp\/v2\/media\/63209"}],"wp:attachment":[{"href":"https:\/\/hablemosclarotdf.com.ar\/index.php?rest_route=%2Fwp%2Fv2%2Fmedia&parent=63208"}],"wp:term":[{"taxonomy":"category","embeddable":true,"href":"https:\/\/hablemosclarotdf.com.ar\/index.php?rest_route=%2Fwp%2Fv2%2Fcategories&post=63208"},{"taxonomy":"post_tag","embeddable":true,"href":"https:\/\/hablemosclarotdf.com.ar\/index.php?rest_route=%2Fwp%2Fv2%2Ftags&post=63208"}],"curies":[{"name":"wp","href":"https:\/\/api.w.org\/{rel}","templated":true}]}}