{"id":63198,"date":"2025-12-30T10:23:46","date_gmt":"2025-12-30T13:23:46","guid":{"rendered":"https:\/\/hablemosclarotdf.com.ar\/?p=63198"},"modified":"2025-12-30T10:23:46","modified_gmt":"2025-12-30T13:23:46","slug":"los-polos-creativos-alcanzaron-mas-de-7-mil-inscripciones-durante-el-ano-2025","status":"publish","type":"post","link":"https:\/\/hablemosclarotdf.com.ar\/?p=63198","title":{"rendered":"LOS POLOS CREATIVOS ALCANZARON M\u00c1S DE 7 MIL INSCRIPCIONES DURANTE EL A\u00d1O 2025"},"content":{"rendered":"<p>La Agencia de Innovaci\u00f3n de la provincia, a trav\u00e9s de la Secretar\u00eda de Gesti\u00f3n, Polos Creativos y F\u00e1bricas de Talentos, realiz\u00f3 el cierre anual de los trayectos que se desarrollaron durante el a\u00f1o en los Polos Creativos y F\u00e1bricas de Talentos de la provincia, espacios de referencia para la comunidad fueguina que se destacan por su crecimiento sostenido en la oferta formativa y alcance territorial.<\/p>\n<p>De esta manera la comunidad pudo circular por una variedad de espacios tem\u00e1ticos referidos a la Ciencia y Tecnolog\u00eda, Rob\u00f3tica y Programaci\u00f3n, Dise\u00f1o y Fabricaci\u00f3n Digital, Artes Visuales y Audiovisuales, Multimedia y Creatividad Infantil.<\/p>\n<p>Al respecto, la secretaria de Gesti\u00f3n, Polos Creativos y F\u00e1bricas de Talentos, Ema Bejarano, remarc\u00f3 que \u201ceste a\u00f1o los Polos Creativos volvieron a demostrar que son mucho m\u00e1s que espacios de formaci\u00f3n, son lugares de encuentro, de oportunidades y de construcci\u00f3n de futuro para ni\u00f1as, ni\u00f1os, j\u00f3venes y adultos de toda la provincia\u201d.<\/p>\n<p>\u201cLa Feria de Talentos refleja el recorrido, el esfuerzo y la creatividad de quienes transitaron nuestras propuestas. Por eso, a partir de este a\u00f1o decidimos institucionalizarla como un hito dentro de los polos creativos que nos permita visibilizar el trabajo colectivo y fortalecer el sentido de pertenencia de la comunidad\u201d, sostuvo.<\/p>\n<p>Durante 2025 los Polos Creativos de R\u00edo Grande, Tolhuin y Ushuaia albergaron m\u00e1s de 40 propuestas formativas entre programas provinciales, trayectos, cursos y talleres, con destinatarios desde los 4 a\u00f1os en adelante, alcanzando m\u00e1s de 7 mil inscripciones en modalidad presencial y virtual a lo largo del a\u00f1o. En esta \u00faltima modalidad se alcanz\u00f3 a m\u00e1s de 800 personas capacitadas, lo que permiti\u00f3 ampliar el acceso a la formaci\u00f3n de manera federal e inclusiva.<\/p>\n<p>Entre las propuestas m\u00e1s destacadas se encuentra el Programa Provincial \u201cM\u00e1s Juego, M\u00e1s Aprendo\u201d, una iniciativa que alberg\u00f3 m\u00e1s de 750 ni\u00f1as y ni\u00f1os durante el a\u00f1o, integrando juego, exploraci\u00f3n y experimentaci\u00f3n como motores del aprendizaje, combinando Matem\u00e1tica, Ingl\u00e9s, Ciencias de la Computaci\u00f3n, Ciencias y Arte, siendo esta de modalidad steam, fortaleciendo habilidades clave como el pensamiento l\u00f3gico, la creatividad, la resoluci\u00f3n de problemas y la alfabetizaci\u00f3n digital desde edades tempranas.<\/p>\n<p>Asimismo se consolid\u00f3 una amplia oferta de talleres creativos y de innovaci\u00f3n, que incluy\u00f3 rob\u00f3tica, desarrollo de videojuegos, cultura maker, arte digital, producci\u00f3n audiovisual, streaming e innovaci\u00f3n digital para j\u00f3venes, con propuestas adaptadas a diferentes edades y niveles de experiencia.<\/p>\n<p>En materia de idiomas se dictaron cursos de ingl\u00e9s con orientaci\u00f3n laboral y sectorial vinculados al trabajo, la atenci\u00f3n al p\u00fablico y el turismo, junto a programas de aceleraci\u00f3n en distintos niveles.<br \/>\nAdem\u00e1s, durante 2025 se consolidaron los HUBS, una propuesta orientada a videojuegos, ajedrez, literatura y fabricaci\u00f3n digital, promoviendo el aprendizaje sostenido, la creatividad, el pensamiento estrat\u00e9gico y el encuentro intergeneracional, generando comunidades activas que se apropian del Polo como lugar de referencia. A nivel provincial, los HUBS alcanzaron a 200 participantes, reafirmando el rol de los Polos Creativos como centros de innovaci\u00f3n social, cultural y tecnol\u00f3gica, con impacto directo en la vida comunitaria.<\/p>\n<p>Asimismo se brind\u00f3 el uso de las salas de streaming para muestras educativas y culturales y se articul\u00f3 acciones formativas e inclusivas con instituciones educativas, culturales, sociales y el sector privado, permitiendo as\u00ed ampliar el acceso a formaci\u00f3n especializada a trav\u00e9s de programas de becas.<\/p>\n<p>En este marco, se alcanz\u00f3 a 948 personas inscriptas y beneficiarias mediante becas en Inteligencia Artificial y Programaci\u00f3n, incluyendo las Becas de IA para Negocios junto a Digital House, Becas de IA Desde Cero y Primeros Pasos en IA, y Becas de Programaci\u00f3n Web Full Stack.<\/p>\n<p>De cara a 2026 el principal desaf\u00edo ser\u00e1 seguir creciendo con calidad, profundizar la formaci\u00f3n en Inteligencia Artificial, programaci\u00f3n y tecnolog\u00edas emergentes, fortalecer la vinculaci\u00f3n con el sector productivo y consolidar a los Polos Creativos como espacios abiertos, innovadores y profundamente arraigados en la comunidad fueguina.<\/p>\n<p><img loading=\"lazy\" decoding=\"async\" class=\"alignnone size-medium wp-image-63200\" src=\"https:\/\/hablemosclarotdf.com.ar\/wp-content\/uploads\/2025\/12\/photo_2025-12-30_10-22-07-300x203.jpg\" alt=\"\" width=\"300\" height=\"203\" srcset=\"https:\/\/hablemosclarotdf.com.ar\/wp-content\/uploads\/2025\/12\/photo_2025-12-30_10-22-07-300x203.jpg 300w, https:\/\/hablemosclarotdf.com.ar\/wp-content\/uploads\/2025\/12\/photo_2025-12-30_10-22-07-1024x691.jpg 1024w, https:\/\/hablemosclarotdf.com.ar\/wp-content\/uploads\/2025\/12\/photo_2025-12-30_10-22-07-768x518.jpg 768w, https:\/\/hablemosclarotdf.com.ar\/wp-content\/uploads\/2025\/12\/photo_2025-12-30_10-22-07.jpg 1280w\" sizes=\"auto, (max-width: 300px) 100vw, 300px\" \/> <img loading=\"lazy\" decoding=\"async\" class=\"alignnone size-medium wp-image-63201\" src=\"https:\/\/hablemosclarotdf.com.ar\/wp-content\/uploads\/2025\/12\/photo_2025-12-30_10-22-12-300x200.jpg\" alt=\"\" width=\"300\" height=\"200\" srcset=\"https:\/\/hablemosclarotdf.com.ar\/wp-content\/uploads\/2025\/12\/photo_2025-12-30_10-22-12-300x200.jpg 300w, https:\/\/hablemosclarotdf.com.ar\/wp-content\/uploads\/2025\/12\/photo_2025-12-30_10-22-12-1024x682.jpg 1024w, https:\/\/hablemosclarotdf.com.ar\/wp-content\/uploads\/2025\/12\/photo_2025-12-30_10-22-12-768x511.jpg 768w, https:\/\/hablemosclarotdf.com.ar\/wp-content\/uploads\/2025\/12\/photo_2025-12-30_10-22-12.jpg 1280w\" sizes=\"auto, (max-width: 300px) 100vw, 300px\" \/> <img loading=\"lazy\" decoding=\"async\" class=\"alignnone size-medium wp-image-63202\" src=\"https:\/\/hablemosclarotdf.com.ar\/wp-content\/uploads\/2025\/12\/photo_2025-12-30_10-22-16-300x200.jpg\" alt=\"\" width=\"300\" height=\"200\" srcset=\"https:\/\/hablemosclarotdf.com.ar\/wp-content\/uploads\/2025\/12\/photo_2025-12-30_10-22-16-300x200.jpg 300w, https:\/\/hablemosclarotdf.com.ar\/wp-content\/uploads\/2025\/12\/photo_2025-12-30_10-22-16-1024x682.jpg 1024w, https:\/\/hablemosclarotdf.com.ar\/wp-content\/uploads\/2025\/12\/photo_2025-12-30_10-22-16-768x511.jpg 768w, https:\/\/hablemosclarotdf.com.ar\/wp-content\/uploads\/2025\/12\/photo_2025-12-30_10-22-16.jpg 1280w\" sizes=\"auto, (max-width: 300px) 100vw, 300px\" \/> <img loading=\"lazy\" decoding=\"async\" class=\"alignnone size-medium wp-image-63203\" src=\"https:\/\/hablemosclarotdf.com.ar\/wp-content\/uploads\/2025\/12\/photo_2025-12-30_10-22-35-300x225.jpg\" alt=\"\" width=\"300\" height=\"225\" srcset=\"https:\/\/hablemosclarotdf.com.ar\/wp-content\/uploads\/2025\/12\/photo_2025-12-30_10-22-35-300x225.jpg 300w, https:\/\/hablemosclarotdf.com.ar\/wp-content\/uploads\/2025\/12\/photo_2025-12-30_10-22-35-1024x768.jpg 1024w, https:\/\/hablemosclarotdf.com.ar\/wp-content\/uploads\/2025\/12\/photo_2025-12-30_10-22-35-768x576.jpg 768w, https:\/\/hablemosclarotdf.com.ar\/wp-content\/uploads\/2025\/12\/photo_2025-12-30_10-22-35.jpg 1280w\" sizes=\"auto, (max-width: 300px) 100vw, 300px\" \/><\/p>\n","protected":false},"excerpt":{"rendered":"<p>La Agencia de Innovaci\u00f3n de la provincia, a trav\u00e9s de la Secretar\u00eda de Gesti\u00f3n, Polos&#8230;<\/p>\n","protected":false},"author":1,"featured_media":63199,"comment_status":"closed","ping_status":"closed","sticky":false,"template":"","format":"standard","meta":{"footnotes":""},"categories":[3],"tags":[],"class_list":["post-63198","post","type-post","status-publish","format-standard","has-post-thumbnail","hentry","category-noticias"],"jetpack_featured_media_url":"https:\/\/hablemosclarotdf.com.ar\/wp-content\/uploads\/2025\/12\/photo_2025-12-30_10-21-59.jpg","_links":{"self":[{"href":"https:\/\/hablemosclarotdf.com.ar\/index.php?rest_route=\/wp\/v2\/posts\/63198","targetHints":{"allow":["GET"]}}],"collection":[{"href":"https:\/\/hablemosclarotdf.com.ar\/index.php?rest_route=\/wp\/v2\/posts"}],"about":[{"href":"https:\/\/hablemosclarotdf.com.ar\/index.php?rest_route=\/wp\/v2\/types\/post"}],"author":[{"embeddable":true,"href":"https:\/\/hablemosclarotdf.com.ar\/index.php?rest_route=\/wp\/v2\/users\/1"}],"replies":[{"embeddable":true,"href":"https:\/\/hablemosclarotdf.com.ar\/index.php?rest_route=%2Fwp%2Fv2%2Fcomments&post=63198"}],"version-history":[{"count":1,"href":"https:\/\/hablemosclarotdf.com.ar\/index.php?rest_route=\/wp\/v2\/posts\/63198\/revisions"}],"predecessor-version":[{"id":63204,"href":"https:\/\/hablemosclarotdf.com.ar\/index.php?rest_route=\/wp\/v2\/posts\/63198\/revisions\/63204"}],"wp:featuredmedia":[{"embeddable":true,"href":"https:\/\/hablemosclarotdf.com.ar\/index.php?rest_route=\/wp\/v2\/media\/63199"}],"wp:attachment":[{"href":"https:\/\/hablemosclarotdf.com.ar\/index.php?rest_route=%2Fwp%2Fv2%2Fmedia&parent=63198"}],"wp:term":[{"taxonomy":"category","embeddable":true,"href":"https:\/\/hablemosclarotdf.com.ar\/index.php?rest_route=%2Fwp%2Fv2%2Fcategories&post=63198"},{"taxonomy":"post_tag","embeddable":true,"href":"https:\/\/hablemosclarotdf.com.ar\/index.php?rest_route=%2Fwp%2Fv2%2Ftags&post=63198"}],"curies":[{"name":"wp","href":"https:\/\/api.w.org\/{rel}","templated":true}]}}