{"id":63137,"date":"2025-12-29T13:19:37","date_gmt":"2025-12-29T16:19:37","guid":{"rendered":"https:\/\/hablemosclarotdf.com.ar\/?p=63137"},"modified":"2025-12-29T13:19:37","modified_gmt":"2025-12-29T16:19:37","slug":"verano-tdf-propuestas-recreativas-y-formativas-para-que-las-juventudes-disfruten-el-verano-en-la-isla","status":"publish","type":"post","link":"https:\/\/hablemosclarotdf.com.ar\/?p=63137","title":{"rendered":"VERANO TDF: PROPUESTAS RECREATIVAS Y FORMATIVAS PARA QUE LAS JUVENTUDES DISFRUTEN EL VERANO EN LA ISLA"},"content":{"rendered":"<p>La Secretar\u00eda de Pol\u00edticas para las Juventudes del Gobierno provincial se suma a la agenda de Verano TDF e invita a las juventudes fueguinas a participar de una amplia variedad de propuestas recreativas, l\u00fadicas y formativas que se desarrollar\u00e1n durante los meses de enero y febrero en Ushuaia, R\u00edo Grande y Tolhuin.<\/p>\n<p>El detalle de las actividades pueden conocerse en:<\/p>\n<blockquote class=\"wp-embedded-content\" data-secret=\"0EAazsPNRh\"><p><a href=\"https:\/\/www.tierradelfuego.gob.ar\/verano-tdf\/\">Verano Tdf<\/a><\/p><\/blockquote>\n<p><iframe loading=\"lazy\" class=\"wp-embedded-content\" sandbox=\"allow-scripts\" security=\"restricted\" style=\"position: absolute; visibility: hidden;\" title=\"\u00abVerano Tdf\u00bb \u2014 Gobierno de Tierra del Fuego\" src=\"https:\/\/www.tierradelfuego.gob.ar\/verano-tdf\/embed\/#?secret=GawUbJVTum#?secret=0EAazsPNRh\" data-secret=\"0EAazsPNRh\" width=\"600\" height=\"338\" frameborder=\"0\" marginwidth=\"0\" marginheight=\"0\" scrolling=\"no\"><\/iframe><\/p>\n<p>mientras que las inscripciones se llevan a cabo a trav\u00e9s del formulario:<\/p>\n<p>http:\/\/bit.ly\/4jgUW7D.<\/p>\n<p>Al respecto, la secretaria de Pol\u00edticas para las Juventudes, Ivana Olariaga, destac\u00f3 que \u201cesta nueva edici\u00f3n de Verano TDF busca que las juventudes fueguinas tomen la posta y sean protagonistas, participando activamente de cada propuesta recreativa, l\u00fadica y de los distintos espacios de formaci\u00f3n\u201d.<\/p>\n<p>En ese sentido, agreg\u00f3 que \u201cmuchas familias transitan el verano en la isla y, por eso, desde el Gobierno provincial generamos espacios cuidados que acompa\u00f1an a las juventudes, promoviendo el disfrute del tiempo libre, el encuentro con pares y el conocimiento de nuestra provincia\u201d.<\/p>\n<p><img loading=\"lazy\" decoding=\"async\" class=\"alignnone size-medium wp-image-63139\" src=\"https:\/\/hablemosclarotdf.com.ar\/wp-content\/uploads\/2025\/12\/photo_2025-12-29_13-18-27-300x200.jpg\" alt=\"\" width=\"300\" height=\"200\" srcset=\"https:\/\/hablemosclarotdf.com.ar\/wp-content\/uploads\/2025\/12\/photo_2025-12-29_13-18-27-300x200.jpg 300w, https:\/\/hablemosclarotdf.com.ar\/wp-content\/uploads\/2025\/12\/photo_2025-12-29_13-18-27-1024x682.jpg 1024w, https:\/\/hablemosclarotdf.com.ar\/wp-content\/uploads\/2025\/12\/photo_2025-12-29_13-18-27-768x511.jpg 768w, https:\/\/hablemosclarotdf.com.ar\/wp-content\/uploads\/2025\/12\/photo_2025-12-29_13-18-27.jpg 1280w\" sizes=\"auto, (max-width: 300px) 100vw, 300px\" \/> <img loading=\"lazy\" decoding=\"async\" class=\"alignnone size-medium wp-image-63140\" src=\"https:\/\/hablemosclarotdf.com.ar\/wp-content\/uploads\/2025\/12\/photo_2025-12-29_13-18-40-300x200.jpg\" alt=\"\" width=\"300\" height=\"200\" srcset=\"https:\/\/hablemosclarotdf.com.ar\/wp-content\/uploads\/2025\/12\/photo_2025-12-29_13-18-40-300x200.jpg 300w, https:\/\/hablemosclarotdf.com.ar\/wp-content\/uploads\/2025\/12\/photo_2025-12-29_13-18-40-1024x682.jpg 1024w, https:\/\/hablemosclarotdf.com.ar\/wp-content\/uploads\/2025\/12\/photo_2025-12-29_13-18-40-768x511.jpg 768w, https:\/\/hablemosclarotdf.com.ar\/wp-content\/uploads\/2025\/12\/photo_2025-12-29_13-18-40.jpg 1280w\" sizes=\"auto, (max-width: 300px) 100vw, 300px\" \/><\/p>\n","protected":false},"excerpt":{"rendered":"<p>La Secretar\u00eda de Pol\u00edticas para las Juventudes del Gobierno provincial se suma a la agenda&#8230;<\/p>\n","protected":false},"author":1,"featured_media":63138,"comment_status":"closed","ping_status":"closed","sticky":false,"template":"","format":"standard","meta":{"footnotes":""},"categories":[3],"tags":[],"class_list":["post-63137","post","type-post","status-publish","format-standard","has-post-thumbnail","hentry","category-noticias"],"jetpack_featured_media_url":"https:\/\/hablemosclarotdf.com.ar\/wp-content\/uploads\/2025\/12\/photo_2025-12-29_13-18-22.jpg","_links":{"self":[{"href":"https:\/\/hablemosclarotdf.com.ar\/index.php?rest_route=\/wp\/v2\/posts\/63137","targetHints":{"allow":["GET"]}}],"collection":[{"href":"https:\/\/hablemosclarotdf.com.ar\/index.php?rest_route=\/wp\/v2\/posts"}],"about":[{"href":"https:\/\/hablemosclarotdf.com.ar\/index.php?rest_route=\/wp\/v2\/types\/post"}],"author":[{"embeddable":true,"href":"https:\/\/hablemosclarotdf.com.ar\/index.php?rest_route=\/wp\/v2\/users\/1"}],"replies":[{"embeddable":true,"href":"https:\/\/hablemosclarotdf.com.ar\/index.php?rest_route=%2Fwp%2Fv2%2Fcomments&post=63137"}],"version-history":[{"count":1,"href":"https:\/\/hablemosclarotdf.com.ar\/index.php?rest_route=\/wp\/v2\/posts\/63137\/revisions"}],"predecessor-version":[{"id":63141,"href":"https:\/\/hablemosclarotdf.com.ar\/index.php?rest_route=\/wp\/v2\/posts\/63137\/revisions\/63141"}],"wp:featuredmedia":[{"embeddable":true,"href":"https:\/\/hablemosclarotdf.com.ar\/index.php?rest_route=\/wp\/v2\/media\/63138"}],"wp:attachment":[{"href":"https:\/\/hablemosclarotdf.com.ar\/index.php?rest_route=%2Fwp%2Fv2%2Fmedia&parent=63137"}],"wp:term":[{"taxonomy":"category","embeddable":true,"href":"https:\/\/hablemosclarotdf.com.ar\/index.php?rest_route=%2Fwp%2Fv2%2Fcategories&post=63137"},{"taxonomy":"post_tag","embeddable":true,"href":"https:\/\/hablemosclarotdf.com.ar\/index.php?rest_route=%2Fwp%2Fv2%2Ftags&post=63137"}],"curies":[{"name":"wp","href":"https:\/\/api.w.org\/{rel}","templated":true}]}}