{"id":63125,"date":"2025-12-29T13:11:52","date_gmt":"2025-12-29T16:11:52","guid":{"rendered":"https:\/\/hablemosclarotdf.com.ar\/?p=63125"},"modified":"2025-12-29T13:11:52","modified_gmt":"2025-12-29T16:11:52","slug":"rio-grande-cultura-y-comunidad-vive-el-verano-con-propuestas-para-todas-las-edades-cultura-y-comunidad-cultura-y-comunidad-rio-grande-vive-el-verano-con-propuestas-para-todas-las-edades-vive-e","status":"publish","type":"post","link":"https:\/\/hablemosclarotdf.com.ar\/?p=63125","title":{"rendered":"RIO GRANDE : CULTURA Y COMUNIDAD  VIVE EL VERANO CON PROPUESTAS PARA TODAS LAS EDADES   CULTURA Y COMUNIDAD: CULTURA Y COMUNIDAD: R\u00cdO GRANDE VIVE EL VERANO CON PROPUESTAS PARA TODAS LAS EDADES  VIVE EL VERANO CON PROPUESTAS PARA TODAS LAS EDADES"},"content":{"rendered":"<p>&nbsp;<\/p>\n<p>En el marco de las vacaciones de verano, el Municipio de R\u00edo Grande contin\u00faa impulsando propuestas culturales, recreativas y accesibles para vecinos y vecinas de todas las edades. Con una fuerte presencia territorial, el objetivo es que la comunidad riograndense disfrute de la ciudad y sus espacios durante el receso estival.<\/p>\n<p>A trav\u00e9s de la Agencia de Deportes, Cultura y Turismo, este lunes 29 de diciembre se habilitar\u00e1n las inscripciones para los talleres de verano que se desarrollar\u00e1n en el Centro Cultural Alem, con una amplia oferta destinada a infancias, juventudes, personas adultas y adultos mayores.<\/p>\n<p>El abanico de propuestas incluye talleres de Tango de Sal\u00f3n, Tango Pilates, Teatro, Bater\u00eda, Percusi\u00f3n, Guitarra Criolla, Guitarra El\u00e9ctrica y Viol\u00edn, as\u00ed como espacios de iniciaci\u00f3n musical como Conociendo al Piano. Tambi\u00e9n se ofrecer\u00e1n propuestas vinculadas a los oficios y las artes, como Mis Primeros Tejidos, Crochet, Amigurumis, Telar Recreativo, Papeler\u00eda Creativa, Artes Pl\u00e1sticas, Manualidades, Mi Primera Puntada, El Lenguaje del Retazo y Cer\u00e1mica.<\/p>\n<p>Asimismo, habr\u00e1 actividades orientadas al movimiento y la expresi\u00f3n corporal, entre ellas Iniciaci\u00f3n a la Danza y Danza Contempor\u00e1nea, pensadas para distintas franjas etarias y niveles de experiencia.<\/p>\n<p>Estas propuestas culturales se suman a la amplia agenda de verano que el Municipio de R\u00edo Grande llevar\u00e1 adelante en los distintos barrios de la ciudad. A trav\u00e9s de las colonias deportivas y recreativas, se desarrollar\u00e1n actividades destinadas a infancias, juventudes, personas adultas y adultas mayores, promoviendo h\u00e1bitos saludables, el juego, la recreaci\u00f3n y el encuentro comunitario, con una fuerte presencia territorial durante todo el verano.<\/p>\n<p>La inscripci\u00f3n a los talleres del Centro Cultural Alem ser\u00e1 gratuita y se realizar\u00e1 de manera online este lunes 29 de diciembre desde las 12 del mediod\u00eda a trav\u00e9s de la p\u00e1gina cultura.riogrande.gob.ar. Las actividades comenzar\u00e1n a desarrollarse el lunes 5 de enero.<\/p>\n<p>De esta manera, el Municipio de R\u00edo Grande reafirma su compromiso con el acompa\u00f1amiento a las familias durante el verano, garantizando el acceso a la cultura, el deporte y la recreaci\u00f3n, fortaleciendo los lazos comunitarios y el bienestar de la comunidad riograndense.<\/p>\n<p><img loading=\"lazy\" decoding=\"async\" class=\"alignnone size-medium wp-image-63127\" src=\"https:\/\/hablemosclarotdf.com.ar\/wp-content\/uploads\/2025\/12\/photo_2025-12-29_13-10-59-300x200.jpg\" alt=\"\" width=\"300\" height=\"200\" srcset=\"https:\/\/hablemosclarotdf.com.ar\/wp-content\/uploads\/2025\/12\/photo_2025-12-29_13-10-59-300x200.jpg 300w, https:\/\/hablemosclarotdf.com.ar\/wp-content\/uploads\/2025\/12\/photo_2025-12-29_13-10-59-768x512.jpg 768w, https:\/\/hablemosclarotdf.com.ar\/wp-content\/uploads\/2025\/12\/photo_2025-12-29_13-10-59.jpg 800w\" sizes=\"auto, (max-width: 300px) 100vw, 300px\" \/> <img loading=\"lazy\" decoding=\"async\" class=\"alignnone size-medium wp-image-63128\" src=\"https:\/\/hablemosclarotdf.com.ar\/wp-content\/uploads\/2025\/12\/photo_2025-12-29_13-11-03-300x200.jpg\" alt=\"\" width=\"300\" height=\"200\" srcset=\"https:\/\/hablemosclarotdf.com.ar\/wp-content\/uploads\/2025\/12\/photo_2025-12-29_13-11-03-300x200.jpg 300w, https:\/\/hablemosclarotdf.com.ar\/wp-content\/uploads\/2025\/12\/photo_2025-12-29_13-11-03-768x512.jpg 768w, https:\/\/hablemosclarotdf.com.ar\/wp-content\/uploads\/2025\/12\/photo_2025-12-29_13-11-03.jpg 800w\" sizes=\"auto, (max-width: 300px) 100vw, 300px\" \/><\/p>\n","protected":false},"excerpt":{"rendered":"<p>&nbsp; En el marco de las vacaciones de verano, el Municipio de R\u00edo Grande contin\u00faa&#8230;<\/p>\n","protected":false},"author":1,"featured_media":63126,"comment_status":"closed","ping_status":"closed","sticky":false,"template":"","format":"standard","meta":{"footnotes":""},"categories":[3],"tags":[],"class_list":["post-63125","post","type-post","status-publish","format-standard","has-post-thumbnail","hentry","category-noticias"],"jetpack_featured_media_url":"https:\/\/hablemosclarotdf.com.ar\/wp-content\/uploads\/2025\/12\/photo_2025-12-29_13-10-55.jpg","_links":{"self":[{"href":"https:\/\/hablemosclarotdf.com.ar\/index.php?rest_route=\/wp\/v2\/posts\/63125","targetHints":{"allow":["GET"]}}],"collection":[{"href":"https:\/\/hablemosclarotdf.com.ar\/index.php?rest_route=\/wp\/v2\/posts"}],"about":[{"href":"https:\/\/hablemosclarotdf.com.ar\/index.php?rest_route=\/wp\/v2\/types\/post"}],"author":[{"embeddable":true,"href":"https:\/\/hablemosclarotdf.com.ar\/index.php?rest_route=\/wp\/v2\/users\/1"}],"replies":[{"embeddable":true,"href":"https:\/\/hablemosclarotdf.com.ar\/index.php?rest_route=%2Fwp%2Fv2%2Fcomments&post=63125"}],"version-history":[{"count":1,"href":"https:\/\/hablemosclarotdf.com.ar\/index.php?rest_route=\/wp\/v2\/posts\/63125\/revisions"}],"predecessor-version":[{"id":63129,"href":"https:\/\/hablemosclarotdf.com.ar\/index.php?rest_route=\/wp\/v2\/posts\/63125\/revisions\/63129"}],"wp:featuredmedia":[{"embeddable":true,"href":"https:\/\/hablemosclarotdf.com.ar\/index.php?rest_route=\/wp\/v2\/media\/63126"}],"wp:attachment":[{"href":"https:\/\/hablemosclarotdf.com.ar\/index.php?rest_route=%2Fwp%2Fv2%2Fmedia&parent=63125"}],"wp:term":[{"taxonomy":"category","embeddable":true,"href":"https:\/\/hablemosclarotdf.com.ar\/index.php?rest_route=%2Fwp%2Fv2%2Fcategories&post=63125"},{"taxonomy":"post_tag","embeddable":true,"href":"https:\/\/hablemosclarotdf.com.ar\/index.php?rest_route=%2Fwp%2Fv2%2Ftags&post=63125"}],"curies":[{"name":"wp","href":"https:\/\/api.w.org\/{rel}","templated":true}]}}