{"id":63035,"date":"2025-12-27T12:04:09","date_gmt":"2025-12-27T15:04:09","guid":{"rendered":"https:\/\/hablemosclarotdf.com.ar\/?p=63035"},"modified":"2025-12-27T12:04:09","modified_gmt":"2025-12-27T15:04:09","slug":"los-polos-creativos-lanzan-sus-propuestas-de-verano-2026","status":"publish","type":"post","link":"https:\/\/hablemosclarotdf.com.ar\/?p=63035","title":{"rendered":"LOS POLOS CREATIVOS LANZAN SUS PROPUESTAS DE VERANO 2026"},"content":{"rendered":"<p>En el marco de Verano TDF, los Polos Creativos de la provincia, como todos los a\u00f1os, realizar\u00e1n sus propuestas creativas con una programaci\u00f3n diversa que se desarrollar\u00e1 desde el 5 de enero y durante todo el mes en las ciudades de Tolhuin, Ushuaia y R\u00edo Grande.<\/p>\n<p>Las y los interesados, podr\u00e1n inscribirse a trav\u00e9s de la plataforma digital de los Polos Creativos<\/p>\n<p>https:\/\/polos.aif.gob.ar\/<\/p>\n<p>All\u00ed encontrar\u00e1n toda la informaci\u00f3n actualizada sobre propuestas, edades y horarios.<\/p>\n<p>La iniciativa est\u00e1 pensada para que ni\u00f1as, ni\u00f1os, j\u00f3venes y personas adultas puedan aprender, crear y experimentar durante el receso de verano, combinando ciencia, tecnolog\u00eda, arte, creatividad, juego e innovaci\u00f3n, en espacios accesibles y de calidad, con enfoque territorial y comunitario.<\/p>\n<p>TOLHUIN<\/p>\n<p>\u201cExploramos la Isla con IA\u201d | 9 a 13 a\u00f1os<br \/>\nDescubr\u00ed el entorno natural fueguino a trav\u00e9s de la observaci\u00f3n, la creatividad y el uso responsable de la inteligencia artificial. A partir de paisajes, flora y fauna local, las y los participantes crean relatos, im\u00e1genes y producciones digitales, fortaleciendo el pensamiento creativo y cr\u00edtico.<br \/>\n-Martes y jueves | 15:00 a 16:30h<br \/>\n-\u201cCiencia de Verano Kids\u201d | 4 a 8 a\u00f1os<br \/>\nUn espacio l\u00fadico para que los m\u00e1s peque\u00f1os se acerquen a la ciencia mediante experimentos simples, juegos sensoriales y actividades pr\u00e1cticas, despertando la curiosidad y el inter\u00e9s por el mundo natural.<br \/>\n-Lunes, mi\u00e9rcoles y viernes |15:00 a 16:30h<br \/>\n-Fotograf\u00eda \u2013 Mini Exploradores | 9 a 13 a\u00f1os<br \/>\nUna invitaci\u00f3n a mirar el entorno con otros ojos, explorando colores, texturas y formas a trav\u00e9s de la fotograf\u00eda, desarrollando la sensibilidad est\u00e9tica y la expresi\u00f3n personal.<br \/>\n-Lunes, mi\u00e9rcoles y viernes | 17:00 a 18:30h<br \/>\n-Visi\u00f3n Gamer | 4 a 8 a\u00f1os<br \/>\nTe acercamos al universo gamer desde una mirada creativa, promoviendo la imaginaci\u00f3n, el trabajo en equipo y la resoluci\u00f3n de desaf\u00edos a trav\u00e9s del juego.<br \/>\n-Martes y jueves | 15:00 a 16:30h<br \/>\n-Stop Motion | 9 a 13 a\u00f1os<br \/>\nUn espacio para crear historias animadas cuadro por cuadro, combinando arte, tecnolog\u00eda y trabajo colaborativo, recorriendo todo el proceso de producci\u00f3n audiovisual.<br \/>\n-Martes y jueves | 17:00 a 18:30h<\/p>\n<p>USHUAIA<\/p>\n<p>-Animaci\u00f3n 2D | 12 a 17 a\u00f1os<br \/>\nAbordaremos los fundamentos de la animaci\u00f3n tradicional y digital, fomentando la expresi\u00f3n art\u00edstica y el trabajo colaborativo.<br \/>\n-Lunes y mi\u00e9rcoles | 15:00 a 16:30h<br \/>\n-Sumo Bots | 8 a 13 a\u00f1os<br \/>\nRob\u00f3tica educativa donde chicas y chicos construyen su propio robot estilo sumo, combinando ciencia, estrategia y creatividad, registrando su proceso como verdaderos ingenieros.<br \/>\n-Lunes, mi\u00e9rcoles y viernes | 16:00 a 17:30h y 18:00 a 19:30h<br \/>\n-Exploradores Fueguinos | 6 a 8 a\u00f1os<br \/>\nTaller de exploraci\u00f3n cient\u00edfica al aire libre, donde las infancias investigan la flora, la turba y el entorno natural, utilizando una bit\u00e1cora de aventuras.<br \/>\n-Lunes y mi\u00e9rcoles \/ Martes y viernes | 16:30 a 18:30h<br \/>\n-Producci\u00f3n de Videojuegos | 8 a 13 a\u00f1os<br \/>\nUn mini estudio de desarrollo para crear mundos, personajes, historias interactivas y presenten su propio videojuego.<br \/>\n-Lunes y mi\u00e9rcoles \/ Martes y jueves |17:00 a 19:00h \/ 16:00 a 18:00h<\/p>\n<p>R\u00cdO GRANDE<\/p>\n<p>-Sumo Bots | 8 a 13 a\u00f1os<br \/>\nRob\u00f3tica, estrategia y creatividad en un entorno l\u00fadico que promueve el pensamiento l\u00f3gico, el debate de ideas y el trabajo en equipo.<br \/>\n-Lunes, mi\u00e9rcoles y viernes | 16:00 a 17:30h \/ 18:00 a 19:30h<br \/>\n-Exploradores Fueguinos | 6 a 8 a\u00f1os<br \/>\nExploraci\u00f3n cient\u00edfica y contacto con la naturaleza, con actividades pr\u00e1cticas y bit\u00e1cora de campo.<br \/>\nMartes y jueves \/ Mi\u00e9rcoles y viernes | 16:30 a 18:30h<br \/>\n-Producci\u00f3n de Videojuegos | 8 a 13 a\u00f1os<br \/>\nDise\u00f1o, narrativa y desarrollo de videojuegos, fomentando la creatividad y el pensamiento digital.<br \/>\n-Lunes y mi\u00e9rcoles \/ Martes y jueves | 17:00 a 19:00h \/ 16:00 a 18:00h<\/p>\n<p>-Primeros Pasos en Linux | +16 a\u00f1os<br \/>\nIntroducci\u00f3n al sistema operativo de c\u00f3digo abierto m\u00e1s utilizado en el mundo, con enfoque pr\u00e1ctico para entornos educativos y laborales.<br \/>\n-Lunes y mi\u00e9rcoles | 18:00 a 19:30h<br \/>\n-Alfabetizaci\u00f3n y Ciudadan\u00eda Digital | +16 a\u00f1os<br \/>\nUn trayecto para desarrollar competencias digitales esenciales, promoviendo el uso \u00e9tico y responsable de la tecnolog\u00eda.<br \/>\n-Lunes y mi\u00e9rcoles | 9:00 a 10:30h<br \/>\n-Animaci\u00f3n 2D | 12 a 17 a\u00f1os<br \/>\nCreaci\u00f3n de cortos animados a partir de t\u00e9cnicas tradicionales y digitales, fortaleciendo la expresi\u00f3n art\u00edstica.<br \/>\n-Lunes y mi\u00e9rcoles | 15:00 a 16:30h<br \/>\n-Inteligencia Artificial: Herramientas para el Futuro | +16 a\u00f1os<br \/>\nUn curso pr\u00e1ctico sobre el uso productivo y \u00e9tico de la IA, ingenier\u00eda de prompts y generaci\u00f3n de contenidos digitales.<br \/>\n-Lunes y mi\u00e9rcoles | 13:30 a 15:30h<br \/>\n-C\u00f3mic e Ilustraci\u00f3n | 12 a 17 a\u00f1os<br \/>\nTaller dedicado a la creaci\u00f3n de historietas, combinando t\u00e9cnicas anal\u00f3gicas y digitales para desarrollar proyectos propios.<\/p>\n<p>-Martes y jueves | 15:00 a 16:30h<\/p>\n","protected":false},"excerpt":{"rendered":"<p>En el marco de Verano TDF, los Polos Creativos de la provincia, como todos los&#8230;<\/p>\n","protected":false},"author":1,"featured_media":63036,"comment_status":"closed","ping_status":"closed","sticky":false,"template":"","format":"standard","meta":{"footnotes":""},"categories":[3],"tags":[],"class_list":["post-63035","post","type-post","status-publish","format-standard","has-post-thumbnail","hentry","category-noticias"],"jetpack_featured_media_url":"https:\/\/hablemosclarotdf.com.ar\/wp-content\/uploads\/2025\/12\/photo_2025-12-27_12-00-42.jpg","_links":{"self":[{"href":"https:\/\/hablemosclarotdf.com.ar\/index.php?rest_route=\/wp\/v2\/posts\/63035","targetHints":{"allow":["GET"]}}],"collection":[{"href":"https:\/\/hablemosclarotdf.com.ar\/index.php?rest_route=\/wp\/v2\/posts"}],"about":[{"href":"https:\/\/hablemosclarotdf.com.ar\/index.php?rest_route=\/wp\/v2\/types\/post"}],"author":[{"embeddable":true,"href":"https:\/\/hablemosclarotdf.com.ar\/index.php?rest_route=\/wp\/v2\/users\/1"}],"replies":[{"embeddable":true,"href":"https:\/\/hablemosclarotdf.com.ar\/index.php?rest_route=%2Fwp%2Fv2%2Fcomments&post=63035"}],"version-history":[{"count":1,"href":"https:\/\/hablemosclarotdf.com.ar\/index.php?rest_route=\/wp\/v2\/posts\/63035\/revisions"}],"predecessor-version":[{"id":63037,"href":"https:\/\/hablemosclarotdf.com.ar\/index.php?rest_route=\/wp\/v2\/posts\/63035\/revisions\/63037"}],"wp:featuredmedia":[{"embeddable":true,"href":"https:\/\/hablemosclarotdf.com.ar\/index.php?rest_route=\/wp\/v2\/media\/63036"}],"wp:attachment":[{"href":"https:\/\/hablemosclarotdf.com.ar\/index.php?rest_route=%2Fwp%2Fv2%2Fmedia&parent=63035"}],"wp:term":[{"taxonomy":"category","embeddable":true,"href":"https:\/\/hablemosclarotdf.com.ar\/index.php?rest_route=%2Fwp%2Fv2%2Fcategories&post=63035"},{"taxonomy":"post_tag","embeddable":true,"href":"https:\/\/hablemosclarotdf.com.ar\/index.php?rest_route=%2Fwp%2Fv2%2Ftags&post=63035"}],"curies":[{"name":"wp","href":"https:\/\/api.w.org\/{rel}","templated":true}]}}