{"id":63032,"date":"2025-12-27T11:59:55","date_gmt":"2025-12-27T14:59:55","guid":{"rendered":"https:\/\/hablemosclarotdf.com.ar\/?p=63032"},"modified":"2025-12-27T11:59:55","modified_gmt":"2025-12-27T14:59:55","slug":"rio-grande-activa-tu-verano-en-casa-de-jovenes","status":"publish","type":"post","link":"https:\/\/hablemosclarotdf.com.ar\/?p=63032","title":{"rendered":"RIO GRANDE : ACTIV\u00c1 TU VERANO EN CASA DE J\u00d3VENES"},"content":{"rendered":"<p>El Municipio de R\u00edo Grande invita a la comunidad a participar de \u201cActiv\u00e1 tu Verano en Casa de J\u00f3venes\u201d, una propuesta gratuita que comenzar\u00e1 el pr\u00f3ximo 5 de enero y que incluye actividades recreativas, art\u00edsticas y de bienestar destinadas a j\u00f3venes y adultos de la ciudad.<\/p>\n<p>Durante todo el mes de enero, se desarrollar\u00e1n distintas iniciativas pensadas para promover el encuentro, la creatividad y el cuidado de la salud mental en un espacio abierto y participativo. Las mismas forman parte del Programa Municipal de Salud Mental, que implementa la Secretar\u00eda de Salud, como parte de una pol\u00edtica p\u00fablica sostenida que promueve el bienestar integral, fortalecer los lazos comunitarios y generar espacios de acompa\u00f1amiento y cuidado accesibles para todas y todos.<\/p>\n<p>Los martes y jueves, de 15 a 17 horas, se llevar\u00e1 adelante \u201cVerano Recreativo\u201d, con juegos de mesa, tardes de pel\u00edculas, salidas recreativas, torneos de ping pong y otras propuestas l\u00fadicas.<\/p>\n<p>En tanto, los mi\u00e9rcoles y viernes, de 15 a 17 horas, se realizar\u00e1 el Embellecimiento de la vereda de Casa de J\u00f3venes, que incluir\u00e1 trasplante de plantines, reparaci\u00f3n de canteros, creaci\u00f3n de carteles art\u00edsticos y pintadas de frases positivas, promoviendo el trabajo colectivo.<\/p>\n<p>Adem\u00e1s, se ofrecer\u00e1n espacios de Yoga para adultos, que se dictar\u00e1n los martes y jueves de 9 a 10 horas y los mi\u00e9rcoles de 17 a 18 horas como una herramienta para el bienestar f\u00edsico y emocional.<\/p>\n<p>Cabe destacar que no se requieren inscripciones previas para participar de ninguna de las actividades. Desde el Municipio se invita a toda la comunidad a sumarse a estas propuestas abiertas y gratuitas, pensadas para compartir, expresarse y disfrutar del verano en un entorno cuidado y participativo.<\/p>\n","protected":false},"excerpt":{"rendered":"<p>El Municipio de R\u00edo Grande invita a la comunidad a participar de \u201cActiv\u00e1 tu Verano&#8230;<\/p>\n","protected":false},"author":1,"featured_media":63033,"comment_status":"closed","ping_status":"closed","sticky":false,"template":"","format":"standard","meta":{"footnotes":""},"categories":[3],"tags":[],"class_list":["post-63032","post","type-post","status-publish","format-standard","has-post-thumbnail","hentry","category-noticias"],"jetpack_featured_media_url":"https:\/\/hablemosclarotdf.com.ar\/wp-content\/uploads\/2025\/12\/photo_2025-12-27_11-59-04.jpg","_links":{"self":[{"href":"https:\/\/hablemosclarotdf.com.ar\/index.php?rest_route=\/wp\/v2\/posts\/63032","targetHints":{"allow":["GET"]}}],"collection":[{"href":"https:\/\/hablemosclarotdf.com.ar\/index.php?rest_route=\/wp\/v2\/posts"}],"about":[{"href":"https:\/\/hablemosclarotdf.com.ar\/index.php?rest_route=\/wp\/v2\/types\/post"}],"author":[{"embeddable":true,"href":"https:\/\/hablemosclarotdf.com.ar\/index.php?rest_route=\/wp\/v2\/users\/1"}],"replies":[{"embeddable":true,"href":"https:\/\/hablemosclarotdf.com.ar\/index.php?rest_route=%2Fwp%2Fv2%2Fcomments&post=63032"}],"version-history":[{"count":1,"href":"https:\/\/hablemosclarotdf.com.ar\/index.php?rest_route=\/wp\/v2\/posts\/63032\/revisions"}],"predecessor-version":[{"id":63034,"href":"https:\/\/hablemosclarotdf.com.ar\/index.php?rest_route=\/wp\/v2\/posts\/63032\/revisions\/63034"}],"wp:featuredmedia":[{"embeddable":true,"href":"https:\/\/hablemosclarotdf.com.ar\/index.php?rest_route=\/wp\/v2\/media\/63033"}],"wp:attachment":[{"href":"https:\/\/hablemosclarotdf.com.ar\/index.php?rest_route=%2Fwp%2Fv2%2Fmedia&parent=63032"}],"wp:term":[{"taxonomy":"category","embeddable":true,"href":"https:\/\/hablemosclarotdf.com.ar\/index.php?rest_route=%2Fwp%2Fv2%2Fcategories&post=63032"},{"taxonomy":"post_tag","embeddable":true,"href":"https:\/\/hablemosclarotdf.com.ar\/index.php?rest_route=%2Fwp%2Fv2%2Ftags&post=63032"}],"curies":[{"name":"wp","href":"https:\/\/api.w.org\/{rel}","templated":true}]}}