{"id":63007,"date":"2025-12-26T17:12:14","date_gmt":"2025-12-26T20:12:14","guid":{"rendered":"https:\/\/hablemosclarotdf.com.ar\/?p=63007"},"modified":"2025-12-26T17:12:14","modified_gmt":"2025-12-26T20:12:14","slug":"ushuaia-la-municipalidad-realizo-distintas-tareas-de-mantenimiento-urbano-y-mejora-de-infraestructura-en-la-ciudad","status":"publish","type":"post","link":"https:\/\/hablemosclarotdf.com.ar\/?p=63007","title":{"rendered":"USHUAIA : LA MUNICIPALIDAD REALIZ\u00d3 DISTINTAS TAREAS DE MANTENIMIENTO URBANO Y MEJORA DE INFRAESTRUCTURA EN LA CIUDAD"},"content":{"rendered":"<p>La Municipalidad de Ushuaia llev\u00f3 adelante una serie de trabajos de mantenimiento urbano, limpieza y mejora de la infraestructura en distintos sectores de la ciudad, en el marco de las acciones que se desarrollan de manera permanente para el cuidado de los espacios p\u00fablicos y la transitabilidad.<\/p>\n<p>Desde la Secretar\u00eda de Medio Ambiente y Desarrollo Sustentable se realizaron tareas de corte de pasto en la zona del Skate Park, en el play\u00f3n de Darwin y en la Plaza del Libro, como parte del mantenimiento regular de plazas, playones y espacios recreativos.<\/p>\n<p>Asimismo, se efectuaron trabajos de recolecci\u00f3n de residuos voluminosos en distintos espacios p\u00fablicos y en barrios de la ciudad, atendiendo la disposici\u00f3n de elementos de gran tama\u00f1o por parte de vecinos y vecinas.<\/p>\n<p>Por otra parte, se desarroll\u00f3 un operativo de limpieza posterior a las fiestas, que incluy\u00f3 tareas en diversos espacios p\u00fablicos y en el Camping Municipal, con el objetivo de garantizar condiciones adecuadas de uso y disfrute.<\/p>\n<p>En tanto, la Secretar\u00eda de Planificaci\u00f3n e Inversi\u00f3n P\u00fablica llev\u00f3 adelante trabajos de desfresado sobre la calle Damiana Fique, en el tramo comprendido entre Gobernador Paz y 12 de Octubre, en el marco del Plan de Recuperaci\u00f3n Vial que impulsa el Municipio.<\/p>\n<p>Finalmente, personal de Servicios P\u00fablicos realiz\u00f3 trabajos vinculados a la iluminaci\u00f3n en la pasarela Luis Pedro Fique, en el marco de la obra que el Municipio encara con fondos propios, la cual se encuentra en su etapa final.<\/p>\n<p>Desde el Municipio destacaron la importancia de estas acciones integrales que se desarrollan de manera continua en toda la ciudad, y solicitaron a la comunidad acompa\u00f1ar estas tareas cuidando los espacios p\u00fablicos y respetando las indicaciones vigentes para la disposici\u00f3n de residuos.<\/p>\n<p><img loading=\"lazy\" decoding=\"async\" class=\"alignnone size-medium wp-image-63009\" src=\"https:\/\/hablemosclarotdf.com.ar\/wp-content\/uploads\/2025\/12\/photo_2025-12-26_17-10-08-300x200.jpg\" alt=\"\" width=\"300\" height=\"200\" srcset=\"https:\/\/hablemosclarotdf.com.ar\/wp-content\/uploads\/2025\/12\/photo_2025-12-26_17-10-08-300x200.jpg 300w, https:\/\/hablemosclarotdf.com.ar\/wp-content\/uploads\/2025\/12\/photo_2025-12-26_17-10-08-1024x683.jpg 1024w, https:\/\/hablemosclarotdf.com.ar\/wp-content\/uploads\/2025\/12\/photo_2025-12-26_17-10-08-768x512.jpg 768w, https:\/\/hablemosclarotdf.com.ar\/wp-content\/uploads\/2025\/12\/photo_2025-12-26_17-10-08.jpg 1280w\" sizes=\"auto, (max-width: 300px) 100vw, 300px\" \/> <img loading=\"lazy\" decoding=\"async\" class=\"alignnone size-medium wp-image-63010\" src=\"https:\/\/hablemosclarotdf.com.ar\/wp-content\/uploads\/2025\/12\/photo_2025-12-26_17-10-15-300x225.jpg\" alt=\"\" width=\"300\" height=\"225\" srcset=\"https:\/\/hablemosclarotdf.com.ar\/wp-content\/uploads\/2025\/12\/photo_2025-12-26_17-10-15-300x225.jpg 300w, https:\/\/hablemosclarotdf.com.ar\/wp-content\/uploads\/2025\/12\/photo_2025-12-26_17-10-15-1024x768.jpg 1024w, https:\/\/hablemosclarotdf.com.ar\/wp-content\/uploads\/2025\/12\/photo_2025-12-26_17-10-15-768x576.jpg 768w, https:\/\/hablemosclarotdf.com.ar\/wp-content\/uploads\/2025\/12\/photo_2025-12-26_17-10-15.jpg 1280w\" sizes=\"auto, (max-width: 300px) 100vw, 300px\" \/> <img loading=\"lazy\" decoding=\"async\" class=\"alignnone size-medium wp-image-63011\" src=\"https:\/\/hablemosclarotdf.com.ar\/wp-content\/uploads\/2025\/12\/photo_2025-12-26_17-10-23-300x225.jpg\" alt=\"\" width=\"300\" height=\"225\" srcset=\"https:\/\/hablemosclarotdf.com.ar\/wp-content\/uploads\/2025\/12\/photo_2025-12-26_17-10-23-300x225.jpg 300w, https:\/\/hablemosclarotdf.com.ar\/wp-content\/uploads\/2025\/12\/photo_2025-12-26_17-10-23-1024x768.jpg 1024w, https:\/\/hablemosclarotdf.com.ar\/wp-content\/uploads\/2025\/12\/photo_2025-12-26_17-10-23-768x576.jpg 768w, https:\/\/hablemosclarotdf.com.ar\/wp-content\/uploads\/2025\/12\/photo_2025-12-26_17-10-23.jpg 1280w\" sizes=\"auto, (max-width: 300px) 100vw, 300px\" \/><\/p>\n","protected":false},"excerpt":{"rendered":"<p>La Municipalidad de Ushuaia llev\u00f3 adelante una serie de trabajos de mantenimiento urbano, limpieza y&#8230;<\/p>\n","protected":false},"author":1,"featured_media":63008,"comment_status":"closed","ping_status":"closed","sticky":false,"template":"","format":"standard","meta":{"footnotes":""},"categories":[3],"tags":[],"class_list":["post-63007","post","type-post","status-publish","format-standard","has-post-thumbnail","hentry","category-noticias"],"jetpack_featured_media_url":"https:\/\/hablemosclarotdf.com.ar\/wp-content\/uploads\/2025\/12\/photo_2025-12-26_17-09-58.jpg","_links":{"self":[{"href":"https:\/\/hablemosclarotdf.com.ar\/index.php?rest_route=\/wp\/v2\/posts\/63007","targetHints":{"allow":["GET"]}}],"collection":[{"href":"https:\/\/hablemosclarotdf.com.ar\/index.php?rest_route=\/wp\/v2\/posts"}],"about":[{"href":"https:\/\/hablemosclarotdf.com.ar\/index.php?rest_route=\/wp\/v2\/types\/post"}],"author":[{"embeddable":true,"href":"https:\/\/hablemosclarotdf.com.ar\/index.php?rest_route=\/wp\/v2\/users\/1"}],"replies":[{"embeddable":true,"href":"https:\/\/hablemosclarotdf.com.ar\/index.php?rest_route=%2Fwp%2Fv2%2Fcomments&post=63007"}],"version-history":[{"count":1,"href":"https:\/\/hablemosclarotdf.com.ar\/index.php?rest_route=\/wp\/v2\/posts\/63007\/revisions"}],"predecessor-version":[{"id":63012,"href":"https:\/\/hablemosclarotdf.com.ar\/index.php?rest_route=\/wp\/v2\/posts\/63007\/revisions\/63012"}],"wp:featuredmedia":[{"embeddable":true,"href":"https:\/\/hablemosclarotdf.com.ar\/index.php?rest_route=\/wp\/v2\/media\/63008"}],"wp:attachment":[{"href":"https:\/\/hablemosclarotdf.com.ar\/index.php?rest_route=%2Fwp%2Fv2%2Fmedia&parent=63007"}],"wp:term":[{"taxonomy":"category","embeddable":true,"href":"https:\/\/hablemosclarotdf.com.ar\/index.php?rest_route=%2Fwp%2Fv2%2Fcategories&post=63007"},{"taxonomy":"post_tag","embeddable":true,"href":"https:\/\/hablemosclarotdf.com.ar\/index.php?rest_route=%2Fwp%2Fv2%2Ftags&post=63007"}],"curies":[{"name":"wp","href":"https:\/\/api.w.org\/{rel}","templated":true}]}}