{"id":63002,"date":"2025-12-26T17:07:14","date_gmt":"2025-12-26T20:07:14","guid":{"rendered":"https:\/\/hablemosclarotdf.com.ar\/?p=63002"},"modified":"2025-12-26T17:07:14","modified_gmt":"2025-12-26T20:07:14","slug":"ushuaia-exitosa-expo-navidad-y-mercado-concentrador-durante-cuatro-dias-en-el-cochocho-vargas","status":"publish","type":"post","link":"https:\/\/hablemosclarotdf.com.ar\/?p=63002","title":{"rendered":"USHUAIA : EXITOSA EXPO NAVIDAD Y MERCADO CONCENTRADOR DURANTE CUATRO D\u00cdAS EN EL COCHOCHO VARGAS"},"content":{"rendered":"<p>La Municipalidad de Ushuaia, a trav\u00e9s de la Secretar\u00eda de Pol\u00edticas Sociales, Sanitarias y Derechos Humanos y la Subsecretar\u00eda de Desarrollo Productivo, llev\u00f3 adelante con gran convocatoria la Expo Navidad y una nueva edici\u00f3n del Mercado Concentrador, que se desarrollaron durante cuatro jornadas consecutivas \u2014los d\u00edas 20, 21, 22 y 23 de diciembre\u2014 en el microestadio Cochocho Vargas.<\/p>\n<p>Las propuestas se realizaron de 14 a 20 horas y coincidieron con las actividades del D\u00eda M\u00e1s Largo, conformando un evento coordinado junto a las distintas iniciativas impulsadas por la Municipalidad, que permiti\u00f3 que vecinos, vecinas y visitantes disfrutaran de actividades culturales y recreativas, adquirieran regalos navide\u00f1os y realizaran las compras para las celebraciones de fin de a\u00f1o.<\/p>\n<p>La secretaria de Pol\u00edticas Sociales, Sanitarias y Derechos Humanos, Yanira Mart\u00ednez, destac\u00f3 que \u201cfueron cuatro d\u00edas de Expo con tem\u00e1tica navide\u00f1a, con sorteos en vivo y una fuerte presencia de productos artesanales y gastron\u00f3micos, que es algo muy valorado por la comunidad\u201d.<br \/>\nEn ese sentido, se\u00f1al\u00f3 que \u201cparticiparon m\u00e1s de 360 emprendedores y emprendedoras, y el balance fue sumamente positivo, con ventas que superaron los 600 millones de pesos a lo largo de las cuatro jornadas\u201d.<\/p>\n<p>Asimismo, Mart\u00ednez remarc\u00f3 que \u201cestos espacios no solo fortalecen el trabajo de los emprendimientos locales, sino que tambi\u00e9n generan oportunidades concretas de comercializaci\u00f3n y acompa\u00f1an el desarrollo de la econom\u00eda social\u201d.<\/p>\n<p>Por su parte, el subsecretario de Desarrollo Productivo, Roberto Trujillo, subray\u00f3 el impacto del Mercado Concentrador y su crecimiento sostenido durante el a\u00f1o. \u201cEsta fue la 11\u00aa edici\u00f3n del Mercado Concentrador en 2025, y cerramos el a\u00f1o con un balance muy positivo. Crecimos en cantidad de comercios, pero especialmente en productores locales que apuestan a esta pol\u00edtica p\u00fablica impulsada por la Municipalidad de Ushuaia\u201d.<\/p>\n<p>Trujillo destac\u00f3 adem\u00e1s que \u201clas panader\u00edas tuvieron ventas muy importantes; incorporamos una nueva panader\u00eda y ambas trabajaron con excelentes resultados, al igual que los productos av\u00edcolas, que fueron nuevamente de los m\u00e1s demandados\u201d.<br \/>\n\u201cLos d\u00edas s\u00e1bado y domingo, en conjunto con el resto de las actividades municipales, fueron claves para consolidar el \u00e9xito tanto del mercado como de la expoferia\u201d, agreg\u00f3.<\/p>\n<p>Finalmente, el subsecretario agradeci\u00f3 \u201cal equipo de la Subsecretar\u00eda de Desarrollo Econ\u00f3mico, a la Subsecretar\u00eda de Industria y Producci\u00f3n, y a todo el personal municipal que estuvo los cuatro d\u00edas trabajando en la log\u00edstica, el armado, el desarmado y la atenci\u00f3n permanente a los comercios\u201d.<br \/>\n\u201cFue un trabajo articulado entre distintas \u00e1reas de la Municipalidad, en el marco de la Secretar\u00eda de Econom\u00eda y Finanzas, que permiti\u00f3 cerrar el a\u00f1o con resultados muy positivos\u201d, concluy\u00f3.<\/p>\n<p><img loading=\"lazy\" decoding=\"async\" class=\"alignnone size-medium wp-image-63004\" src=\"https:\/\/hablemosclarotdf.com.ar\/wp-content\/uploads\/2025\/12\/photo_2025-12-26_17-04-22-300x200.jpg\" alt=\"\" width=\"300\" height=\"200\" srcset=\"https:\/\/hablemosclarotdf.com.ar\/wp-content\/uploads\/2025\/12\/photo_2025-12-26_17-04-22-300x200.jpg 300w, https:\/\/hablemosclarotdf.com.ar\/wp-content\/uploads\/2025\/12\/photo_2025-12-26_17-04-22-1024x682.jpg 1024w, https:\/\/hablemosclarotdf.com.ar\/wp-content\/uploads\/2025\/12\/photo_2025-12-26_17-04-22-768x512.jpg 768w, https:\/\/hablemosclarotdf.com.ar\/wp-content\/uploads\/2025\/12\/photo_2025-12-26_17-04-22.jpg 1280w\" sizes=\"auto, (max-width: 300px) 100vw, 300px\" \/> <img loading=\"lazy\" decoding=\"async\" class=\"alignnone size-medium wp-image-63005\" src=\"https:\/\/hablemosclarotdf.com.ar\/wp-content\/uploads\/2025\/12\/photo_2025-12-26_17-04-31-300x200.jpg\" alt=\"\" width=\"300\" height=\"200\" srcset=\"https:\/\/hablemosclarotdf.com.ar\/wp-content\/uploads\/2025\/12\/photo_2025-12-26_17-04-31-300x200.jpg 300w, https:\/\/hablemosclarotdf.com.ar\/wp-content\/uploads\/2025\/12\/photo_2025-12-26_17-04-31-1024x682.jpg 1024w, https:\/\/hablemosclarotdf.com.ar\/wp-content\/uploads\/2025\/12\/photo_2025-12-26_17-04-31-768x512.jpg 768w, https:\/\/hablemosclarotdf.com.ar\/wp-content\/uploads\/2025\/12\/photo_2025-12-26_17-04-31.jpg 1280w\" sizes=\"auto, (max-width: 300px) 100vw, 300px\" \/><\/p>\n","protected":false},"excerpt":{"rendered":"<p>La Municipalidad de Ushuaia, a trav\u00e9s de la Secretar\u00eda de Pol\u00edticas Sociales, Sanitarias y Derechos&#8230;<\/p>\n","protected":false},"author":1,"featured_media":63003,"comment_status":"closed","ping_status":"closed","sticky":false,"template":"","format":"standard","meta":{"footnotes":""},"categories":[3],"tags":[],"class_list":["post-63002","post","type-post","status-publish","format-standard","has-post-thumbnail","hentry","category-noticias"],"jetpack_featured_media_url":"https:\/\/hablemosclarotdf.com.ar\/wp-content\/uploads\/2025\/12\/photo_2025-12-26_17-04-15.jpg","_links":{"self":[{"href":"https:\/\/hablemosclarotdf.com.ar\/index.php?rest_route=\/wp\/v2\/posts\/63002","targetHints":{"allow":["GET"]}}],"collection":[{"href":"https:\/\/hablemosclarotdf.com.ar\/index.php?rest_route=\/wp\/v2\/posts"}],"about":[{"href":"https:\/\/hablemosclarotdf.com.ar\/index.php?rest_route=\/wp\/v2\/types\/post"}],"author":[{"embeddable":true,"href":"https:\/\/hablemosclarotdf.com.ar\/index.php?rest_route=\/wp\/v2\/users\/1"}],"replies":[{"embeddable":true,"href":"https:\/\/hablemosclarotdf.com.ar\/index.php?rest_route=%2Fwp%2Fv2%2Fcomments&post=63002"}],"version-history":[{"count":1,"href":"https:\/\/hablemosclarotdf.com.ar\/index.php?rest_route=\/wp\/v2\/posts\/63002\/revisions"}],"predecessor-version":[{"id":63006,"href":"https:\/\/hablemosclarotdf.com.ar\/index.php?rest_route=\/wp\/v2\/posts\/63002\/revisions\/63006"}],"wp:featuredmedia":[{"embeddable":true,"href":"https:\/\/hablemosclarotdf.com.ar\/index.php?rest_route=\/wp\/v2\/media\/63003"}],"wp:attachment":[{"href":"https:\/\/hablemosclarotdf.com.ar\/index.php?rest_route=%2Fwp%2Fv2%2Fmedia&parent=63002"}],"wp:term":[{"taxonomy":"category","embeddable":true,"href":"https:\/\/hablemosclarotdf.com.ar\/index.php?rest_route=%2Fwp%2Fv2%2Fcategories&post=63002"},{"taxonomy":"post_tag","embeddable":true,"href":"https:\/\/hablemosclarotdf.com.ar\/index.php?rest_route=%2Fwp%2Fv2%2Ftags&post=63002"}],"curies":[{"name":"wp","href":"https:\/\/api.w.org\/{rel}","templated":true}]}}