{"id":62991,"date":"2025-12-26T15:31:10","date_gmt":"2025-12-26T18:31:10","guid":{"rendered":"https:\/\/hablemosclarotdf.com.ar\/?p=62991"},"modified":"2025-12-26T15:31:10","modified_gmt":"2025-12-26T18:31:10","slug":"rio-grande-vacaciones-con-la-muni-el-lunes-inician-las-inscripciones-a-los-talleres-de-verano-en-el-alem","status":"publish","type":"post","link":"https:\/\/hablemosclarotdf.com.ar\/?p=62991","title":{"rendered":"RIO GRANDE : VACACIONES CON LA MUNI: EL LUNES INICIAN LAS INSCRIPCIONES A LOS TALLERES DE VERANO EN EL ALEM"},"content":{"rendered":"<p>En el marco de las vacaciones de verano, el Municipio de R\u00edo Grande, a trav\u00e9s de la Agencia de Deportes, Cultura y Turismo, acompa\u00f1a a cientos de vecinos y vecinas con propuestas culturales para todas las edades, en pos de que disfruten de la ciudad y compartan momentos de calidad en comunidad.<\/p>\n<p>Con el objetivo de que las infancias, juventudes, adultos y adultas mayores puedan vivir un verano diferente en nuestra ciudad, el Municipio de R\u00edo Grande abrir\u00e1 las inscripciones este 29 de diciembre para que las y los vecinos puedan ser parte de las distintas propuestas del Centro Cultural Alem.<\/p>\n<p>La oferta incluye talleres de Tango de Sal\u00f3n, Tango Pilates, Bater\u00eda, Percusi\u00f3n, Teatro, Guitarra Criolla, Guitarra El\u00e9ctrica, Conociendo al Piano, Mis primeros Tejidos, Crochet, Amigurumis, Telar Recreativo.<\/p>\n<p>Adem\u00e1s, se brindar\u00e1 Papeler\u00eda Creativa, Artes Pl\u00e1sticas, Manualidades, Mi primera Puntada, Iniciaci\u00f3n a la Danza, Danza Contempor\u00e1nea, El lenguaje del Retazo, Cer\u00e1mica y viol\u00edn, entre otros. Las propuestas estar\u00e1n dirigidas a distintas franjas etarias.<\/p>\n<p>La inscripci\u00f3n es gratuita y se habilitar\u00e1 de manera online este 29 de diciembre a las 12 del mediod\u00eda, por lo que se solicita a la comunidad mantenerse informado a trav\u00e9s de los canales oficiales del Municipio.<\/p>\n<p>Mediante estas acciones, el Municipio de R\u00edo Grande reafirma su compromiso con el acompa\u00f1amiento a las familias durante el verano, generando propuestas accesibles que fomentan el disfrute, el bienestar y el encuentro entre vecinos y vecinas de todas las edades.<\/p>\n<p><img loading=\"lazy\" decoding=\"async\" class=\"alignnone size-medium wp-image-62993\" src=\"https:\/\/hablemosclarotdf.com.ar\/wp-content\/uploads\/2025\/12\/photo_2025-12-26_15-30-02-300x200.jpg\" alt=\"\" width=\"300\" height=\"200\" srcset=\"https:\/\/hablemosclarotdf.com.ar\/wp-content\/uploads\/2025\/12\/photo_2025-12-26_15-30-02-300x200.jpg 300w, https:\/\/hablemosclarotdf.com.ar\/wp-content\/uploads\/2025\/12\/photo_2025-12-26_15-30-02-1024x682.jpg 1024w, https:\/\/hablemosclarotdf.com.ar\/wp-content\/uploads\/2025\/12\/photo_2025-12-26_15-30-02-768x512.jpg 768w, https:\/\/hablemosclarotdf.com.ar\/wp-content\/uploads\/2025\/12\/photo_2025-12-26_15-30-02.jpg 1280w\" sizes=\"auto, (max-width: 300px) 100vw, 300px\" \/><\/p>\n","protected":false},"excerpt":{"rendered":"<p>En el marco de las vacaciones de verano, el Municipio de R\u00edo Grande, a trav\u00e9s&#8230;<\/p>\n","protected":false},"author":1,"featured_media":62992,"comment_status":"closed","ping_status":"closed","sticky":false,"template":"","format":"standard","meta":{"footnotes":""},"categories":[3],"tags":[],"class_list":["post-62991","post","type-post","status-publish","format-standard","has-post-thumbnail","hentry","category-noticias"],"jetpack_featured_media_url":"https:\/\/hablemosclarotdf.com.ar\/wp-content\/uploads\/2025\/12\/photo_2025-12-26_15-29-57.jpg","_links":{"self":[{"href":"https:\/\/hablemosclarotdf.com.ar\/index.php?rest_route=\/wp\/v2\/posts\/62991","targetHints":{"allow":["GET"]}}],"collection":[{"href":"https:\/\/hablemosclarotdf.com.ar\/index.php?rest_route=\/wp\/v2\/posts"}],"about":[{"href":"https:\/\/hablemosclarotdf.com.ar\/index.php?rest_route=\/wp\/v2\/types\/post"}],"author":[{"embeddable":true,"href":"https:\/\/hablemosclarotdf.com.ar\/index.php?rest_route=\/wp\/v2\/users\/1"}],"replies":[{"embeddable":true,"href":"https:\/\/hablemosclarotdf.com.ar\/index.php?rest_route=%2Fwp%2Fv2%2Fcomments&post=62991"}],"version-history":[{"count":1,"href":"https:\/\/hablemosclarotdf.com.ar\/index.php?rest_route=\/wp\/v2\/posts\/62991\/revisions"}],"predecessor-version":[{"id":62994,"href":"https:\/\/hablemosclarotdf.com.ar\/index.php?rest_route=\/wp\/v2\/posts\/62991\/revisions\/62994"}],"wp:featuredmedia":[{"embeddable":true,"href":"https:\/\/hablemosclarotdf.com.ar\/index.php?rest_route=\/wp\/v2\/media\/62992"}],"wp:attachment":[{"href":"https:\/\/hablemosclarotdf.com.ar\/index.php?rest_route=%2Fwp%2Fv2%2Fmedia&parent=62991"}],"wp:term":[{"taxonomy":"category","embeddable":true,"href":"https:\/\/hablemosclarotdf.com.ar\/index.php?rest_route=%2Fwp%2Fv2%2Fcategories&post=62991"},{"taxonomy":"post_tag","embeddable":true,"href":"https:\/\/hablemosclarotdf.com.ar\/index.php?rest_route=%2Fwp%2Fv2%2Ftags&post=62991"}],"curies":[{"name":"wp","href":"https:\/\/api.w.org\/{rel}","templated":true}]}}