{"id":62974,"date":"2025-12-26T14:03:56","date_gmt":"2025-12-26T17:03:56","guid":{"rendered":"https:\/\/hablemosclarotdf.com.ar\/?p=62974"},"modified":"2025-12-26T14:03:56","modified_gmt":"2025-12-26T17:03:56","slug":"rio-grande-mas-de-190-vecinos-accedieron-al-programa-municipal-de-prevencion-de-cancer-de-prostata","status":"publish","type":"post","link":"https:\/\/hablemosclarotdf.com.ar\/?p=62974","title":{"rendered":"RIO GRANDE : M\u00c1S DE 190 VECINOS ACCEDIERON AL PROGRAMA MUNICIPAL DE PREVENCI\u00d3N DE C\u00c1NCER DE PR\u00d3STATA"},"content":{"rendered":"<p>El Municipio de R\u00edo Grande llev\u00f3 adelante, por segundo a\u00f1o consecutivo, el Programa Municipal de Prevenci\u00f3n de C\u00e1ncer de Pr\u00f3stata, desarrollado entre el 17 de noviembre y el 12 de diciembre de 2025, con el objetivo de promover la detecci\u00f3n temprana y el cuidado integral de la salud masculina.<\/p>\n<p>La iniciativa estuvo destinada a hombres a partir de los 45 a\u00f1os y cont\u00f3 con un total de 271 personas inscriptas. De los mismos, 191 pacientes asistieron a los controles m\u00e9dicos, donde accedieron a consultas con especialistas en urolog\u00eda, estudios de laboratorio espec\u00edficos y, en los casos necesarios, a la indicaci\u00f3n de estudios complementarios.<\/p>\n<p>El programa fue impulsado de manera articulada por el sistema de salud municipal, fortaleciendo las pol\u00edticas de prevenci\u00f3n y el acceso a controles especializados, especialmente en una poblaci\u00f3n donde los chequeos peri\u00f3dicos resultan fundamentales para el diagn\u00f3stico oportuno de esta patolog\u00eda.<\/p>\n<p>Actualmente, los estudios y controles contin\u00faan realiz\u00e1ndose en el Centro de Especialidades M\u00e9dicas, garantizando el seguimiento y la continuidad de la atenci\u00f3n de todas las personas que participaron del programa.<\/p>\n<p>Desde el Municipio se reafirma el compromiso con una salud p\u00fablica cercana y de calidad, promoviendo pol\u00edticas p\u00fablicas orientadas a la prevenci\u00f3n, la detecci\u00f3n temprana y el acompa\u00f1amiento integral de la comunidad.<\/p>\n","protected":false},"excerpt":{"rendered":"<p>El Municipio de R\u00edo Grande llev\u00f3 adelante, por segundo a\u00f1o consecutivo, el Programa Municipal de&#8230;<\/p>\n","protected":false},"author":1,"featured_media":62975,"comment_status":"closed","ping_status":"closed","sticky":false,"template":"","format":"standard","meta":{"footnotes":""},"categories":[3],"tags":[],"class_list":["post-62974","post","type-post","status-publish","format-standard","has-post-thumbnail","hentry","category-noticias"],"jetpack_featured_media_url":"https:\/\/hablemosclarotdf.com.ar\/wp-content\/uploads\/2025\/12\/photo_2025-12-26_14-02-51.jpg","_links":{"self":[{"href":"https:\/\/hablemosclarotdf.com.ar\/index.php?rest_route=\/wp\/v2\/posts\/62974","targetHints":{"allow":["GET"]}}],"collection":[{"href":"https:\/\/hablemosclarotdf.com.ar\/index.php?rest_route=\/wp\/v2\/posts"}],"about":[{"href":"https:\/\/hablemosclarotdf.com.ar\/index.php?rest_route=\/wp\/v2\/types\/post"}],"author":[{"embeddable":true,"href":"https:\/\/hablemosclarotdf.com.ar\/index.php?rest_route=\/wp\/v2\/users\/1"}],"replies":[{"embeddable":true,"href":"https:\/\/hablemosclarotdf.com.ar\/index.php?rest_route=%2Fwp%2Fv2%2Fcomments&post=62974"}],"version-history":[{"count":1,"href":"https:\/\/hablemosclarotdf.com.ar\/index.php?rest_route=\/wp\/v2\/posts\/62974\/revisions"}],"predecessor-version":[{"id":62977,"href":"https:\/\/hablemosclarotdf.com.ar\/index.php?rest_route=\/wp\/v2\/posts\/62974\/revisions\/62977"}],"wp:featuredmedia":[{"embeddable":true,"href":"https:\/\/hablemosclarotdf.com.ar\/index.php?rest_route=\/wp\/v2\/media\/62975"}],"wp:attachment":[{"href":"https:\/\/hablemosclarotdf.com.ar\/index.php?rest_route=%2Fwp%2Fv2%2Fmedia&parent=62974"}],"wp:term":[{"taxonomy":"category","embeddable":true,"href":"https:\/\/hablemosclarotdf.com.ar\/index.php?rest_route=%2Fwp%2Fv2%2Fcategories&post=62974"},{"taxonomy":"post_tag","embeddable":true,"href":"https:\/\/hablemosclarotdf.com.ar\/index.php?rest_route=%2Fwp%2Fv2%2Ftags&post=62974"}],"curies":[{"name":"wp","href":"https:\/\/api.w.org\/{rel}","templated":true}]}}