{"id":62970,"date":"2025-12-26T10:25:46","date_gmt":"2025-12-26T13:25:46","guid":{"rendered":"https:\/\/hablemosclarotdf.com.ar\/?p=62970"},"modified":"2025-12-26T10:25:46","modified_gmt":"2025-12-26T13:25:46","slug":"traspaso-de-activos-de-ypf-a-terra-ignis-da-previsibilidad-y-nos-posiciona-como-actor-activo-en-la-industria-hidrocarburifera","status":"publish","type":"post","link":"https:\/\/hablemosclarotdf.com.ar\/?p=62970","title":{"rendered":"TRASPASO DE ACTIVOS DE YPF A TERRA IGNIS: \u201cDA PREVISIBILIDAD Y NOS POSICIONA COMO ACTOR ACTIVO EN LA INDUSTRIA HIDROCARBUR\u00cdFERA\u201d"},"content":{"rendered":"<p>El Ministro Jefe de Gabinete, Jorge Canals, valor\u00f3 la amplia mayor\u00eda legislativa que respald\u00f3 el traspaso de activos de YPF a la empresa provincial Terra Ignis. Subray\u00f3 que la ley garantiza empleo, posiciona a la provincia como actor activo en la industria y mitiga el impacto de la baja en la coparticipaci\u00f3n.<\/p>\n<p>El Ministro Jefe de Gabinete de la Provincia, Jorge Canals, calific\u00f3 como \u201csumamente positivo\u201d el marco de previsibilidad que establece la ley aprobada por la Legislatura, que permite a la empresa provincial Terra Ignis asumir el control de los activos que YPF deja en Tierra del Fuego.<\/p>\n<p>\u201cEs positivo porque nos da un marco de previsibilidad al Ejecutivo Provincial, pero tambi\u00e9n a los trabajadores del sector petrolero de la zona norte, a los que desempe\u00f1an en YPF y a las empresas sat\u00e9lites\u201d, afirm\u00f3 Canals, y remarc\u00f3 el cambio hist\u00f3rico que representa: \u201cPor primera vez, la provincia no solo cobrar\u00e1 regal\u00edas, sino que tendr\u00e1 un sentido de mayor acci\u00f3n y pertenencia sobre sus recursos naturales a trav\u00e9s de su propia empresa\u201d.<\/p>\n<p>El Ministro explic\u00f3 que esta herramienta coloca a la provincia en un lugar distinto en la mesa de negociaciones. \u201cLa empresa provincial no se plantea hacer exploraci\u00f3n por s\u00ed misma, sino que le da a la provincia la posibilidad de sentarse a negociar desde otro lugar con quienes puedan llevar adelante los procesos. Nos pone en un horizonte completamente diferente, nos permite ser un actor determinante\u201d, asegur\u00f3.<\/p>\n<p>Canals detall\u00f3 que, ante el retiro de YPF de la Patagonia \u2013una decisi\u00f3n empresarial ya concretada en otras provincias\u2013, la alternativa fue proactiva: \u201cAprovechar la creaci\u00f3n de la empresa fueguina para gestionar los pozos de otra manera, garantizar la continuidad laboral y empezar a hacer lo que YPF en los \u00faltimos a\u00f1os dej\u00f3 de hacer: explorar, invertir, avanzar\u201d.<\/p>\n<p>En un marco de reducci\u00f3n de recursos coparticipables, el Ministro destac\u00f3 el valor estrat\u00e9gico de la ley. \u201cLa baja de coparticipaci\u00f3n nos pone en una situaci\u00f3n dif\u00edcil a todas las provincias. Esta herramienta nos permite generar mayores recursos propios\u201d, afirm\u00f3. Y agreg\u00f3: \u201cel convenio logrado tiene las mismas condiciones favorables que el de Santa Cruz y es mejor que los de Chubut o R\u00edo Negro\u201d.<\/p>\n<p>Canals agradeci\u00f3 el amplio respaldo de 12 legisladores, que calific\u00f3 como \u201cun espaldarazo importante\u201d y una muestra de \u201cmadurez pol\u00edtica e institucional\u201d. \u201cHubo una mirada com\u00fan de entender la seriedad y complejidad de lo que significaba la retirada de YPF\u201d, se\u00f1al\u00f3.<\/p>\n<p>Asimismo, despej\u00f3 dudas sobre la transparencia del proceso: \u201ctoda la informaci\u00f3n estuvo siempre abierta. La comisi\u00f3n del jueves pasado sesion\u00f3 con la presencia de la propia YPF explicando y mostrando el acuerdo\u201d.<\/p>\n<p>Para cerrar, el Jefe de Gabinete enfatiz\u00f3 el simbolismo de la ley: \u201cestas herramientas dan un tinte de esperanza. Permiten renovar el esp\u00edritu que hay un muchas cuestiones que se van a ir transformando para generar m\u00e1s trabajo y recursos para Tierra del Fuego\u201d.<\/p>\n<p><img loading=\"lazy\" decoding=\"async\" class=\"alignnone size-medium wp-image-62972\" src=\"https:\/\/hablemosclarotdf.com.ar\/wp-content\/uploads\/2025\/12\/photo_2025-12-26_10-24-19-300x200.jpg\" alt=\"\" width=\"300\" height=\"200\" srcset=\"https:\/\/hablemosclarotdf.com.ar\/wp-content\/uploads\/2025\/12\/photo_2025-12-26_10-24-19-300x200.jpg 300w, https:\/\/hablemosclarotdf.com.ar\/wp-content\/uploads\/2025\/12\/photo_2025-12-26_10-24-19-1024x683.jpg 1024w, https:\/\/hablemosclarotdf.com.ar\/wp-content\/uploads\/2025\/12\/photo_2025-12-26_10-24-19-768x512.jpg 768w, https:\/\/hablemosclarotdf.com.ar\/wp-content\/uploads\/2025\/12\/photo_2025-12-26_10-24-19.jpg 1280w\" sizes=\"auto, (max-width: 300px) 100vw, 300px\" \/><\/p>\n","protected":false},"excerpt":{"rendered":"<p>El Ministro Jefe de Gabinete, Jorge Canals, valor\u00f3 la amplia mayor\u00eda legislativa que respald\u00f3 el&#8230;<\/p>\n","protected":false},"author":1,"featured_media":62971,"comment_status":"closed","ping_status":"closed","sticky":false,"template":"","format":"standard","meta":{"footnotes":""},"categories":[3],"tags":[],"class_list":["post-62970","post","type-post","status-publish","format-standard","has-post-thumbnail","hentry","category-noticias"],"jetpack_featured_media_url":"https:\/\/hablemosclarotdf.com.ar\/wp-content\/uploads\/2025\/12\/photo_2025-12-26_10-24-10.jpg","_links":{"self":[{"href":"https:\/\/hablemosclarotdf.com.ar\/index.php?rest_route=\/wp\/v2\/posts\/62970","targetHints":{"allow":["GET"]}}],"collection":[{"href":"https:\/\/hablemosclarotdf.com.ar\/index.php?rest_route=\/wp\/v2\/posts"}],"about":[{"href":"https:\/\/hablemosclarotdf.com.ar\/index.php?rest_route=\/wp\/v2\/types\/post"}],"author":[{"embeddable":true,"href":"https:\/\/hablemosclarotdf.com.ar\/index.php?rest_route=\/wp\/v2\/users\/1"}],"replies":[{"embeddable":true,"href":"https:\/\/hablemosclarotdf.com.ar\/index.php?rest_route=%2Fwp%2Fv2%2Fcomments&post=62970"}],"version-history":[{"count":1,"href":"https:\/\/hablemosclarotdf.com.ar\/index.php?rest_route=\/wp\/v2\/posts\/62970\/revisions"}],"predecessor-version":[{"id":62973,"href":"https:\/\/hablemosclarotdf.com.ar\/index.php?rest_route=\/wp\/v2\/posts\/62970\/revisions\/62973"}],"wp:featuredmedia":[{"embeddable":true,"href":"https:\/\/hablemosclarotdf.com.ar\/index.php?rest_route=\/wp\/v2\/media\/62971"}],"wp:attachment":[{"href":"https:\/\/hablemosclarotdf.com.ar\/index.php?rest_route=%2Fwp%2Fv2%2Fmedia&parent=62970"}],"wp:term":[{"taxonomy":"category","embeddable":true,"href":"https:\/\/hablemosclarotdf.com.ar\/index.php?rest_route=%2Fwp%2Fv2%2Fcategories&post=62970"},{"taxonomy":"post_tag","embeddable":true,"href":"https:\/\/hablemosclarotdf.com.ar\/index.php?rest_route=%2Fwp%2Fv2%2Ftags&post=62970"}],"curies":[{"name":"wp","href":"https:\/\/api.w.org\/{rel}","templated":true}]}}