{"id":62965,"date":"2025-12-26T10:17:55","date_gmt":"2025-12-26T13:17:55","guid":{"rendered":"https:\/\/hablemosclarotdf.com.ar\/?p=62965"},"modified":"2025-12-26T10:17:55","modified_gmt":"2025-12-26T13:17:55","slug":"rio-grande-celebro-en-comunidad-la-llegada-de-la-navidad","status":"publish","type":"post","link":"https:\/\/hablemosclarotdf.com.ar\/?p=62965","title":{"rendered":"R\u00cdO GRANDE CELEBR\u00d3 EN COMUNIDAD LA LLEGADA DE LA NAVIDAD"},"content":{"rendered":"<p>La Navidad se celebr\u00f3 en comunidad en R\u00edo Grande, con actividades en los barrios y un Mercado Navide\u00f1o que permiti\u00f3 a miles de familias acceder a productos esenciales a precios populares, al tiempo que m\u00e1s de 110 puestos de emprendedores locales ofrecieron sus producciones, fortaleciendo la econom\u00eda social, los lazos comunitarios y la participaci\u00f3n vecinal..<\/p>\n<p>El Municipio de R\u00edo Grande llev\u00f3 adelante una amplia agenda de actividades en el marco de las celebraciones navide\u00f1as, con el objetivo de fortalecer los lazos comunitarios y generar espacios de encuentro para las familias riograndenses, reafirmando su compromiso con una ciudad m\u00e1s unida y solidaria.<\/p>\n<p>Las actividades comenzaron el pasado 7 de diciembre con la tradicional Fiesta Municipal del Encendido del \u00c1rbol, realizada en el Parque de los 100 a\u00f1os. Fue una noche colmada de m\u00fasica, alegr\u00eda y color, que reuni\u00f3 a miles de vecinos y vecinas junto a artistas locales y la presentaci\u00f3n del reconocido cuartetero Luck Ra. Adem\u00e1s, el evento cont\u00f3 con propuestas deportivas, recreativas, culturales y gastron\u00f3micas.<\/p>\n<p>Durante las \u00faltimas semanas, el Municipio tambi\u00e9n recorri\u00f3 los distintos barrios de la ciudad junto con Pap\u00e1 Noel, renovando la ilusi\u00f3n y el esp\u00edritu navide\u00f1o de las infancias en el Espacio Joven Zona Sur, el CCM del barrio Per\u00f3n, el CCM del barrio Malvinas Argentinas y el CCM del barrio Las Aves. Asimismo, se acompa\u00f1\u00f3 a los Bomberos Voluntarios con una actividad especial en el Parque de los 100 A\u00f1os. Estas iniciativas permitieron que ni\u00f1as y ni\u00f1os disfrutar\u00e1n de tardes colmadas de sorpresas, juegos y encuentro en comunidad.<\/p>\n<p>Adem\u00e1s, miles de riograndenses visitaron el Mercado Navide\u00f1o, donde pudieron acceder a las diferentes promociones en cordero, pollo de la marca RGA Alimentos, variedad de frutas y verduras, entre otros.<\/p>\n<p>Durante las jornadas del domingo, lunes y martes se vendieron m\u00e1s de: 1200 corderos, 420 kg de arrollados y distintos cortes de pollo; 3.200 kg de frutas y verduras, 420 kg de pescados y mariscos; 790 maples de huevos, 150 kg de productos panificados y 320 unidades de pan dulce y budines; 260kg de yerba mate; y 350 litros de art\u00edculos de limpieza. Adem\u00e1s, se comercializaron m\u00e1s de 450 unidades de pollos de la marca \u201cRGA Alimentos\u201d.<\/p>\n<p>En el transcurso del evento, los vecinos y vecinas pudieron disfrutar de diferentes espect\u00e1culos con artistas locales, el tradicional Pesebre Viviente y el rinc\u00f3n navide\u00f1o con Pap\u00e1 Noel.<\/p>\n<p>De esta manera, el Municipio de R\u00edo Grande contin\u00faa trabajando para garantizar espacios de participaci\u00f3n y celebraci\u00f3n que refuercen el sentido de comunidad de las familias riograndenses en estas fechas tan significativas.<\/p>\n<p><img loading=\"lazy\" decoding=\"async\" class=\"alignnone size-medium wp-image-62967\" src=\"https:\/\/hablemosclarotdf.com.ar\/wp-content\/uploads\/2025\/12\/photo_2025-12-26_10-16-06-300x200.jpg\" alt=\"\" width=\"300\" height=\"200\" srcset=\"https:\/\/hablemosclarotdf.com.ar\/wp-content\/uploads\/2025\/12\/photo_2025-12-26_10-16-06-300x200.jpg 300w, https:\/\/hablemosclarotdf.com.ar\/wp-content\/uploads\/2025\/12\/photo_2025-12-26_10-16-06-768x512.jpg 768w, https:\/\/hablemosclarotdf.com.ar\/wp-content\/uploads\/2025\/12\/photo_2025-12-26_10-16-06.jpg 800w\" sizes=\"auto, (max-width: 300px) 100vw, 300px\" \/> <img loading=\"lazy\" decoding=\"async\" class=\"alignnone size-medium wp-image-62968\" src=\"https:\/\/hablemosclarotdf.com.ar\/wp-content\/uploads\/2025\/12\/photo_2025-12-26_10-16-11-300x200.jpg\" alt=\"\" width=\"300\" height=\"200\" srcset=\"https:\/\/hablemosclarotdf.com.ar\/wp-content\/uploads\/2025\/12\/photo_2025-12-26_10-16-11-300x200.jpg 300w, https:\/\/hablemosclarotdf.com.ar\/wp-content\/uploads\/2025\/12\/photo_2025-12-26_10-16-11-1024x682.jpg 1024w, https:\/\/hablemosclarotdf.com.ar\/wp-content\/uploads\/2025\/12\/photo_2025-12-26_10-16-11-768x512.jpg 768w, https:\/\/hablemosclarotdf.com.ar\/wp-content\/uploads\/2025\/12\/photo_2025-12-26_10-16-11.jpg 1280w\" sizes=\"auto, (max-width: 300px) 100vw, 300px\" \/><\/p>\n","protected":false},"excerpt":{"rendered":"<p>La Navidad se celebr\u00f3 en comunidad en R\u00edo Grande, con actividades en los barrios y&#8230;<\/p>\n","protected":false},"author":1,"featured_media":62966,"comment_status":"closed","ping_status":"closed","sticky":false,"template":"","format":"standard","meta":{"footnotes":""},"categories":[3],"tags":[],"class_list":["post-62965","post","type-post","status-publish","format-standard","has-post-thumbnail","hentry","category-noticias"],"jetpack_featured_media_url":"https:\/\/hablemosclarotdf.com.ar\/wp-content\/uploads\/2025\/12\/photo_2025-12-26_10-15-57.jpg","_links":{"self":[{"href":"https:\/\/hablemosclarotdf.com.ar\/index.php?rest_route=\/wp\/v2\/posts\/62965","targetHints":{"allow":["GET"]}}],"collection":[{"href":"https:\/\/hablemosclarotdf.com.ar\/index.php?rest_route=\/wp\/v2\/posts"}],"about":[{"href":"https:\/\/hablemosclarotdf.com.ar\/index.php?rest_route=\/wp\/v2\/types\/post"}],"author":[{"embeddable":true,"href":"https:\/\/hablemosclarotdf.com.ar\/index.php?rest_route=\/wp\/v2\/users\/1"}],"replies":[{"embeddable":true,"href":"https:\/\/hablemosclarotdf.com.ar\/index.php?rest_route=%2Fwp%2Fv2%2Fcomments&post=62965"}],"version-history":[{"count":1,"href":"https:\/\/hablemosclarotdf.com.ar\/index.php?rest_route=\/wp\/v2\/posts\/62965\/revisions"}],"predecessor-version":[{"id":62969,"href":"https:\/\/hablemosclarotdf.com.ar\/index.php?rest_route=\/wp\/v2\/posts\/62965\/revisions\/62969"}],"wp:featuredmedia":[{"embeddable":true,"href":"https:\/\/hablemosclarotdf.com.ar\/index.php?rest_route=\/wp\/v2\/media\/62966"}],"wp:attachment":[{"href":"https:\/\/hablemosclarotdf.com.ar\/index.php?rest_route=%2Fwp%2Fv2%2Fmedia&parent=62965"}],"wp:term":[{"taxonomy":"category","embeddable":true,"href":"https:\/\/hablemosclarotdf.com.ar\/index.php?rest_route=%2Fwp%2Fv2%2Fcategories&post=62965"},{"taxonomy":"post_tag","embeddable":true,"href":"https:\/\/hablemosclarotdf.com.ar\/index.php?rest_route=%2Fwp%2Fv2%2Ftags&post=62965"}],"curies":[{"name":"wp","href":"https:\/\/api.w.org\/{rel}","templated":true}]}}