{"id":62942,"date":"2025-12-25T18:02:19","date_gmt":"2025-12-25T21:02:19","guid":{"rendered":"https:\/\/hablemosclarotdf.com.ar\/?p=62942"},"modified":"2025-12-25T18:02:19","modified_gmt":"2025-12-25T21:02:19","slug":"a-partir-de-este-viernes-26-se-abren-las-inscripciones-para-el-ciclo-lectivo-2026-de-la-carrera-de-oficiales-penitenciarios","status":"publish","type":"post","link":"https:\/\/hablemosclarotdf.com.ar\/?p=62942","title":{"rendered":"A PARTIR DE ESTE VIERNES 26 SE ABREN LAS INSCRIPCIONES PARA EL CICLO LECTIVO 2026 DE LA CARRERA DE OFICIALES PENITENCIARIOS"},"content":{"rendered":"<p>El Servicio Penitenciario de Tierra del Fuego convoca a j\u00f3venes con vocaci\u00f3n de servicio a sumarse a la Carrera de Oficiales Penitenciarios.<\/p>\n<p>El T\u00edtulo a otorgar es T\u00e9cnico Superior en Seguridad P\u00fablica y Ciudadana orientada a la Formaci\u00f3n Penitenciaria. La carrera tiene una duraci\u00f3n de 3 a\u00f1os con Modalidad Internado.<\/p>\n<p>El objetivo es formar profesionalmente para la custodia, seguridad y reinserci\u00f3n social en nuestra provincia.<\/p>\n<p>Son requisitos excluyentes ser argentino\/a nativo\/a o por opci\u00f3n, tener entre 18 y 28 a\u00f1os de edad, poseer t\u00edtulo ecundario completo (sin adeudar materias), sexo masculino, soltero y sin hijos, no tener antecedentes penales y gozar de buena salud y aptitud f\u00edsica.<\/p>\n<p>Inscripciones a partir del viernes 26 de diciembre de 2025 hasta el 15 de enero de 2026 a trav\u00e9s del link:<\/p>\n<p>https:\/\/docs.google.com\/forms\/d\/e\/1FAIpQLSdLA83DwdEcwJNwduvdhAZpxEjkOZ7acC5bAtrLOjYGj11r-A\/viewform?usp=preview)<\/p>\n<p>La carrera es gratuita y cuenta con beca mensual.<\/p>\n","protected":false},"excerpt":{"rendered":"<p>El Servicio Penitenciario de Tierra del Fuego convoca a j\u00f3venes con vocaci\u00f3n de servicio a&#8230;<\/p>\n","protected":false},"author":1,"featured_media":62943,"comment_status":"closed","ping_status":"closed","sticky":false,"template":"","format":"standard","meta":{"footnotes":""},"categories":[3],"tags":[],"class_list":["post-62942","post","type-post","status-publish","format-standard","has-post-thumbnail","hentry","category-noticias"],"jetpack_featured_media_url":"https:\/\/hablemosclarotdf.com.ar\/wp-content\/uploads\/2025\/12\/photo_2025-12-25_18-01-40.jpg","_links":{"self":[{"href":"https:\/\/hablemosclarotdf.com.ar\/index.php?rest_route=\/wp\/v2\/posts\/62942","targetHints":{"allow":["GET"]}}],"collection":[{"href":"https:\/\/hablemosclarotdf.com.ar\/index.php?rest_route=\/wp\/v2\/posts"}],"about":[{"href":"https:\/\/hablemosclarotdf.com.ar\/index.php?rest_route=\/wp\/v2\/types\/post"}],"author":[{"embeddable":true,"href":"https:\/\/hablemosclarotdf.com.ar\/index.php?rest_route=\/wp\/v2\/users\/1"}],"replies":[{"embeddable":true,"href":"https:\/\/hablemosclarotdf.com.ar\/index.php?rest_route=%2Fwp%2Fv2%2Fcomments&post=62942"}],"version-history":[{"count":1,"href":"https:\/\/hablemosclarotdf.com.ar\/index.php?rest_route=\/wp\/v2\/posts\/62942\/revisions"}],"predecessor-version":[{"id":62944,"href":"https:\/\/hablemosclarotdf.com.ar\/index.php?rest_route=\/wp\/v2\/posts\/62942\/revisions\/62944"}],"wp:featuredmedia":[{"embeddable":true,"href":"https:\/\/hablemosclarotdf.com.ar\/index.php?rest_route=\/wp\/v2\/media\/62943"}],"wp:attachment":[{"href":"https:\/\/hablemosclarotdf.com.ar\/index.php?rest_route=%2Fwp%2Fv2%2Fmedia&parent=62942"}],"wp:term":[{"taxonomy":"category","embeddable":true,"href":"https:\/\/hablemosclarotdf.com.ar\/index.php?rest_route=%2Fwp%2Fv2%2Fcategories&post=62942"},{"taxonomy":"post_tag","embeddable":true,"href":"https:\/\/hablemosclarotdf.com.ar\/index.php?rest_route=%2Fwp%2Fv2%2Ftags&post=62942"}],"curies":[{"name":"wp","href":"https:\/\/api.w.org\/{rel}","templated":true}]}}