{"id":62939,"date":"2025-12-25T18:00:09","date_gmt":"2025-12-25T21:00:09","guid":{"rendered":"https:\/\/hablemosclarotdf.com.ar\/?p=62939"},"modified":"2025-12-25T18:00:09","modified_gmt":"2025-12-25T21:00:09","slug":"corte-programado-del-servicio-electrico-en-tolhuin-29","status":"publish","type":"post","link":"https:\/\/hablemosclarotdf.com.ar\/?p=62939","title":{"rendered":"CORTE PROGRAMADO DEL SERVICIO EL\u00c9CTRICO EN TOLHUIN"},"content":{"rendered":"<p>La Direcci\u00f3n Provincial de Energ\u00eda informa a los usuarios que debido a tareas de mantenimiento en la usina, se ha programado un corte del servicio el\u00e9ctrico para el d\u00eda viernes 26 de diciembre, en el horario de 3 a 7 horas aproximadamente.<\/p>\n<p>Zonas afectadas:<\/p>\n<p>Zona Sur: Barrios cercanos a la RN3 desde calle Kovacic, hacia el sur, hasta el Camping de Laguna del Indio.<br \/>\n\u27a4 Barrio Kareken<br \/>\n\u27a4 Parque Industrial, sector aserraderos<br \/>\n\u27a4 Loteos del R\u00edo Turbio<br \/>\n\u27a4 Barrio Ecopueblo II<\/p>\n<p>Barrio Provincias Unidas:<br \/>\n\u27a4 Barrios IPV II y III<br \/>\n\u27a4 Zona Casa del Deporte<br \/>\n\u27a4 Zona C.I.C<\/p>\n<p>Barrios cercanos a calle Justo Jos\u00e9 de Urquiza:<br \/>\n\u27a4 Macizos del Barrio Provincias Unidas ubicados entre las calles 17 de Agosto, 27 de Febrero, Julio Argentino Roca, Justo Jos\u00e9 de Urquiza y Dardo Cabo<br \/>\n\u27a4 Barrio Procrear<br \/>\n\u27a4 Zona campo de jineteada.<\/p>\n<p>Sepan disculpar las molestias ocasionadas.<\/p>\n","protected":false},"excerpt":{"rendered":"<p>La Direcci\u00f3n Provincial de Energ\u00eda informa a los usuarios que debido a tareas de mantenimiento&#8230;<\/p>\n","protected":false},"author":1,"featured_media":62940,"comment_status":"closed","ping_status":"closed","sticky":false,"template":"","format":"standard","meta":{"footnotes":""},"categories":[3],"tags":[],"class_list":["post-62939","post","type-post","status-publish","format-standard","has-post-thumbnail","hentry","category-noticias"],"jetpack_featured_media_url":"https:\/\/hablemosclarotdf.com.ar\/wp-content\/uploads\/2025\/12\/photo_2025-12-25_17-59-25.jpg","_links":{"self":[{"href":"https:\/\/hablemosclarotdf.com.ar\/index.php?rest_route=\/wp\/v2\/posts\/62939","targetHints":{"allow":["GET"]}}],"collection":[{"href":"https:\/\/hablemosclarotdf.com.ar\/index.php?rest_route=\/wp\/v2\/posts"}],"about":[{"href":"https:\/\/hablemosclarotdf.com.ar\/index.php?rest_route=\/wp\/v2\/types\/post"}],"author":[{"embeddable":true,"href":"https:\/\/hablemosclarotdf.com.ar\/index.php?rest_route=\/wp\/v2\/users\/1"}],"replies":[{"embeddable":true,"href":"https:\/\/hablemosclarotdf.com.ar\/index.php?rest_route=%2Fwp%2Fv2%2Fcomments&post=62939"}],"version-history":[{"count":1,"href":"https:\/\/hablemosclarotdf.com.ar\/index.php?rest_route=\/wp\/v2\/posts\/62939\/revisions"}],"predecessor-version":[{"id":62941,"href":"https:\/\/hablemosclarotdf.com.ar\/index.php?rest_route=\/wp\/v2\/posts\/62939\/revisions\/62941"}],"wp:featuredmedia":[{"embeddable":true,"href":"https:\/\/hablemosclarotdf.com.ar\/index.php?rest_route=\/wp\/v2\/media\/62940"}],"wp:attachment":[{"href":"https:\/\/hablemosclarotdf.com.ar\/index.php?rest_route=%2Fwp%2Fv2%2Fmedia&parent=62939"}],"wp:term":[{"taxonomy":"category","embeddable":true,"href":"https:\/\/hablemosclarotdf.com.ar\/index.php?rest_route=%2Fwp%2Fv2%2Fcategories&post=62939"},{"taxonomy":"post_tag","embeddable":true,"href":"https:\/\/hablemosclarotdf.com.ar\/index.php?rest_route=%2Fwp%2Fv2%2Ftags&post=62939"}],"curies":[{"name":"wp","href":"https:\/\/api.w.org\/{rel}","templated":true}]}}