{"id":62914,"date":"2025-12-24T13:10:15","date_gmt":"2025-12-24T16:10:15","guid":{"rendered":"https:\/\/hablemosclarotdf.com.ar\/?p=62914"},"modified":"2025-12-24T13:10:15","modified_gmt":"2025-12-24T16:10:15","slug":"rio-grande-el-intendente-martin-perez-saludo-a-las-vecinas-y-vecinos-por-nochebuena-y-navidad","status":"publish","type":"post","link":"https:\/\/hablemosclarotdf.com.ar\/?p=62914","title":{"rendered":"RIO GRANDE : EL INTENDENTE MART\u00cdN PEREZ SALUD\u00d3 A LAS VECINAS Y VECINOS POR NOCHEBUENA Y NAVIDAD"},"content":{"rendered":"<p>&#8220;Que esta Navidad nos encuentre reunidos en familia, en el abrazo de la amistad y en la esperanza que nace de sentirnos parte de una misma comunidad\u201d, expres\u00f3 el Intendente. Adem\u00e1s destac\u00f3 el valor del encuentro, la solidaridad y la fuerza de la comunidad para renovar la esperanza y seguir construyendo un futuro mejor para la ciudad y la provincia.<\/p>\n<p>En el marco de la Nochebuena y la Navidad, el intendente de R\u00edo Grande, Mart\u00edn Perez hizo llegar un saludo especial a las vecinas y vecinos de la ciudad, poniendo en valor el encuentro, la empat\u00eda y la construcci\u00f3n colectiva como pilares fundamentales para atravesar un a\u00f1o complejo y proyectar un futuro con esperanza.<\/p>\n<p>\u201cQuiero llegar con un saludo muy especial a cada vecina y a cada vecino de R\u00edo Grande, con el deseo sincero de que puedan compartir estas horas en paz, rodeados del cari\u00f1o de sus seres queridos\u201d, expres\u00f3 el jefe comunal.<\/p>\n<p>En su mensaje, el intendente remarc\u00f3 el sentido profundo de la Navidad como un tiempo de uni\u00f3n y reflexi\u00f3n. \u201cEs el encuentro, el abrazo, la mesa compartida y la esperanza que se renueva. Nos recuerda la importancia de la familia, pero tambi\u00e9n de la gran familia que somos como comunidad, donde cuidarnos entre todos es un valor que nos define\u201d, sostuvo.<\/p>\n<p>Asimismo, Perez reconoci\u00f3 que el a\u00f1o que finaliza fue dif\u00edcil para muchas familias, atravesado por momentos de esfuerzo, preocupaci\u00f3n e incertidumbre. En ese sentido, subray\u00f3 que estas fechas invitan a hacer una pausa, a mirar al otro con mayor empat\u00eda y a fortalecerse desde la solidaridad y el acompa\u00f1amiento mutuo.<\/p>\n<p>El intendente tambi\u00e9n destac\u00f3 la fortaleza de R\u00edo Grande como una comunidad solidaria y trabajadora. \u201cEsa fuerza colectiva es la que nos permiti\u00f3 atravesar los momentos m\u00e1s duros y es la que nos va a permitir salir adelante\u201d, afirm\u00f3.<\/p>\n<p>Finalmente, expres\u00f3 su deseo de que el pr\u00f3ximo a\u00f1o traiga m\u00e1s tranquilidad, oportunidades y esperanza para cada familia, para la ciudad y para toda la provincia, y reafirm\u00f3 el compromiso del Municipio de seguir trabajando con responsabilidad y cercan\u00eda para construir un futuro mejor.<\/p>\n<p>\u201cQue esta Navidad nos encuentre unidos, con la convicci\u00f3n de que cuando caminamos juntos, todo es posible. Feliz Nochebuena y Feliz Navidad\u201d, concluy\u00f3.<\/p>\n<p><img loading=\"lazy\" decoding=\"async\" class=\"alignnone size-medium wp-image-62919\" src=\"https:\/\/hablemosclarotdf.com.ar\/wp-content\/uploads\/2025\/12\/photo_2025-12-24_13-06-10-2-300x200.jpg\" alt=\"\" width=\"300\" height=\"200\" srcset=\"https:\/\/hablemosclarotdf.com.ar\/wp-content\/uploads\/2025\/12\/photo_2025-12-24_13-06-10-2-300x200.jpg 300w, https:\/\/hablemosclarotdf.com.ar\/wp-content\/uploads\/2025\/12\/photo_2025-12-24_13-06-10-2-1024x683.jpg 1024w, https:\/\/hablemosclarotdf.com.ar\/wp-content\/uploads\/2025\/12\/photo_2025-12-24_13-06-10-2-768x512.jpg 768w, https:\/\/hablemosclarotdf.com.ar\/wp-content\/uploads\/2025\/12\/photo_2025-12-24_13-06-10-2.jpg 1280w\" sizes=\"auto, (max-width: 300px) 100vw, 300px\" \/><\/p>\n<p><img loading=\"lazy\" decoding=\"async\" class=\"alignnone size-medium wp-image-62920\" src=\"https:\/\/hablemosclarotdf.com.ar\/wp-content\/uploads\/2025\/12\/photo_2025-12-24_13-06-16-1-200x300.jpg\" alt=\"\" width=\"200\" height=\"300\" srcset=\"https:\/\/hablemosclarotdf.com.ar\/wp-content\/uploads\/2025\/12\/photo_2025-12-24_13-06-16-1-200x300.jpg 200w, https:\/\/hablemosclarotdf.com.ar\/wp-content\/uploads\/2025\/12\/photo_2025-12-24_13-06-16-1-683x1024.jpg 683w, https:\/\/hablemosclarotdf.com.ar\/wp-content\/uploads\/2025\/12\/photo_2025-12-24_13-06-16-1-768x1151.jpg 768w, https:\/\/hablemosclarotdf.com.ar\/wp-content\/uploads\/2025\/12\/photo_2025-12-24_13-06-16-1.jpg 854w\" sizes=\"auto, (max-width: 200px) 100vw, 200px\" \/><\/p>\n<p>&nbsp;<\/p>\n<p>&nbsp;<\/p>\n","protected":false},"excerpt":{"rendered":"<p>&#8220;Que esta Navidad nos encuentre reunidos en familia, en el abrazo de la amistad y&#8230;<\/p>\n","protected":false},"author":1,"featured_media":62915,"comment_status":"closed","ping_status":"closed","sticky":false,"template":"","format":"standard","meta":{"footnotes":""},"categories":[3],"tags":[],"class_list":["post-62914","post","type-post","status-publish","format-standard","has-post-thumbnail","hentry","category-noticias"],"jetpack_featured_media_url":"https:\/\/hablemosclarotdf.com.ar\/wp-content\/uploads\/2025\/12\/photo_2025-12-24_13-06-05.jpg","_links":{"self":[{"href":"https:\/\/hablemosclarotdf.com.ar\/index.php?rest_route=\/wp\/v2\/posts\/62914","targetHints":{"allow":["GET"]}}],"collection":[{"href":"https:\/\/hablemosclarotdf.com.ar\/index.php?rest_route=\/wp\/v2\/posts"}],"about":[{"href":"https:\/\/hablemosclarotdf.com.ar\/index.php?rest_route=\/wp\/v2\/types\/post"}],"author":[{"embeddable":true,"href":"https:\/\/hablemosclarotdf.com.ar\/index.php?rest_route=\/wp\/v2\/users\/1"}],"replies":[{"embeddable":true,"href":"https:\/\/hablemosclarotdf.com.ar\/index.php?rest_route=%2Fwp%2Fv2%2Fcomments&post=62914"}],"version-history":[{"count":1,"href":"https:\/\/hablemosclarotdf.com.ar\/index.php?rest_route=\/wp\/v2\/posts\/62914\/revisions"}],"predecessor-version":[{"id":62921,"href":"https:\/\/hablemosclarotdf.com.ar\/index.php?rest_route=\/wp\/v2\/posts\/62914\/revisions\/62921"}],"wp:featuredmedia":[{"embeddable":true,"href":"https:\/\/hablemosclarotdf.com.ar\/index.php?rest_route=\/wp\/v2\/media\/62915"}],"wp:attachment":[{"href":"https:\/\/hablemosclarotdf.com.ar\/index.php?rest_route=%2Fwp%2Fv2%2Fmedia&parent=62914"}],"wp:term":[{"taxonomy":"category","embeddable":true,"href":"https:\/\/hablemosclarotdf.com.ar\/index.php?rest_route=%2Fwp%2Fv2%2Fcategories&post=62914"},{"taxonomy":"post_tag","embeddable":true,"href":"https:\/\/hablemosclarotdf.com.ar\/index.php?rest_route=%2Fwp%2Fv2%2Ftags&post=62914"}],"curies":[{"name":"wp","href":"https:\/\/api.w.org\/{rel}","templated":true}]}}