{"id":62877,"date":"2025-12-23T20:34:54","date_gmt":"2025-12-23T23:34:54","guid":{"rendered":"https:\/\/hablemosclarotdf.com.ar\/?p=62877"},"modified":"2025-12-23T20:34:54","modified_gmt":"2025-12-23T23:34:54","slug":"rio-grande-el-municipio-adhiere-al-asueto-administrativo-para-este-24-y-31-de-diciembre-2","status":"publish","type":"post","link":"https:\/\/hablemosclarotdf.com.ar\/?p=62877","title":{"rendered":"RIO GRANDE : EL MUNICIPIO ADHIERE AL ASUETO ADMINISTRATIVO PARA ESTE 24 Y 31 DE DICIEMBRE"},"content":{"rendered":"<p>El Municipio de R\u00edo Grande informa a los vecinos y vecinas que, en el marco de las v\u00edsperas de las festividades de Navidad y A\u00f1o Nuevo, desde el Ejecutivo Municipal se ha decidido adherir al Decreto Nacional N.\u00ba 883\/2025 que otorga asueto administrativo para los d\u00edas 24 y 31 de diciembre.<\/p>\n<p>Cabe destacar que se dejar\u00e1n cubiertas las guardias m\u00ednimas en pos de garantizar las prestaciones de los servicios esenciales que se brindan desde el Municipio.<\/p>\n","protected":false},"excerpt":{"rendered":"<p>El Municipio de R\u00edo Grande informa a los vecinos y vecinas que, en el marco&#8230;<\/p>\n","protected":false},"author":1,"featured_media":62878,"comment_status":"closed","ping_status":"closed","sticky":false,"template":"","format":"standard","meta":{"footnotes":""},"categories":[3],"tags":[],"class_list":["post-62877","post","type-post","status-publish","format-standard","has-post-thumbnail","hentry","category-noticias"],"jetpack_featured_media_url":"https:\/\/hablemosclarotdf.com.ar\/wp-content\/uploads\/2025\/12\/photo_2025-12-23_20-34-14.jpg","_links":{"self":[{"href":"https:\/\/hablemosclarotdf.com.ar\/index.php?rest_route=\/wp\/v2\/posts\/62877","targetHints":{"allow":["GET"]}}],"collection":[{"href":"https:\/\/hablemosclarotdf.com.ar\/index.php?rest_route=\/wp\/v2\/posts"}],"about":[{"href":"https:\/\/hablemosclarotdf.com.ar\/index.php?rest_route=\/wp\/v2\/types\/post"}],"author":[{"embeddable":true,"href":"https:\/\/hablemosclarotdf.com.ar\/index.php?rest_route=\/wp\/v2\/users\/1"}],"replies":[{"embeddable":true,"href":"https:\/\/hablemosclarotdf.com.ar\/index.php?rest_route=%2Fwp%2Fv2%2Fcomments&post=62877"}],"version-history":[{"count":1,"href":"https:\/\/hablemosclarotdf.com.ar\/index.php?rest_route=\/wp\/v2\/posts\/62877\/revisions"}],"predecessor-version":[{"id":62879,"href":"https:\/\/hablemosclarotdf.com.ar\/index.php?rest_route=\/wp\/v2\/posts\/62877\/revisions\/62879"}],"wp:featuredmedia":[{"embeddable":true,"href":"https:\/\/hablemosclarotdf.com.ar\/index.php?rest_route=\/wp\/v2\/media\/62878"}],"wp:attachment":[{"href":"https:\/\/hablemosclarotdf.com.ar\/index.php?rest_route=%2Fwp%2Fv2%2Fmedia&parent=62877"}],"wp:term":[{"taxonomy":"category","embeddable":true,"href":"https:\/\/hablemosclarotdf.com.ar\/index.php?rest_route=%2Fwp%2Fv2%2Fcategories&post=62877"},{"taxonomy":"post_tag","embeddable":true,"href":"https:\/\/hablemosclarotdf.com.ar\/index.php?rest_route=%2Fwp%2Fv2%2Ftags&post=62877"}],"curies":[{"name":"wp","href":"https:\/\/api.w.org\/{rel}","templated":true}]}}