{"id":62779,"date":"2025-12-22T12:48:47","date_gmt":"2025-12-22T15:48:47","guid":{"rendered":"https:\/\/hablemosclarotdf.com.ar\/?p=62779"},"modified":"2025-12-22T12:48:47","modified_gmt":"2025-12-22T15:48:47","slug":"rio-grande-mas-de-600-estudiantes-participaron-durante-el-2025-de-las-clases-de-apoyo-escolar-del-municipio","status":"publish","type":"post","link":"https:\/\/hablemosclarotdf.com.ar\/?p=62779","title":{"rendered":"RIO GRANDE : M\u00c1S DE 600 ESTUDIANTES PARTICIPARON DURANTE EL 2025 DE LAS CLASES DE APOYO ESCOLAR DEL MUNICIPIO"},"content":{"rendered":"<p>El Municipio de R\u00edo Grande realiz\u00f3 un balance positivo del dispositivo de clases de apoyo escolar, que durante el a\u00f1o 2025 acompa\u00f1\u00f3 a un total de 617 estudiantes de nivel primario y secundario en distintos puntos de la ciudad, reafirmando el compromiso municipal con el fortalecimiento de las trayectorias educativas.<\/p>\n<p>Las propuestas se desarrollaron en comedores comunitarios, bibliotecas y diversas dependencias municipales, entre ellos el CGP Padre Zink; Biblioteca El Muelle; Biblioteca Schmidt; CCM B\u00b0 Per\u00f3n; CCM Malvinas Argentinas; CCM B\u00b0 Austral; CCM B\u00b0 Chacra XI; Casa de J\u00f3venes; Espacio Joven Zona Sur; Espacio Joven AGP; Centro Integral de la Mujer; SUM B\u00b0 Bischof y el Centro Municipal de Desarrollo Comunitario, as\u00ed como tambi\u00e9n en los comedores comunitarios \u201cEncuentro Solidario\u201d, \u201cPeque\u00f1os Cisnes\u201d, \u201cComedor de Mar\u00eda\u201d, \u201cYatel\u201d, \u201cManitos Solidarias\u201d y \u201cEsperanza Fueguina\u201d, garantizando el acceso al acompa\u00f1amiento escolar en los distintos barrios de R\u00edo Grande.<\/p>\n<p>A lo largo del a\u00f1o, m\u00e1s de 600 estudiantes participaron activamente de las clases de apoyo, recibiendo acompa\u00f1amiento pedag\u00f3gico en Matem\u00e1tica, Pr\u00e1cticas del Lenguaje, Ciencias Naturales y Ciencias Sociales. Adem\u00e1s, se desarrollaron espacios de Club de Ciencias, orientados a la exploraci\u00f3n, la experimentaci\u00f3n y el aprendizaje a trav\u00e9s de propuestas l\u00fadicas. Para el nivel secundario, las propuestas incluyeron adem\u00e1s F\u00edsica, Matem\u00e1tica y Contabilidad, con el acompa\u00f1amiento de docentes y profesores especializados.<\/p>\n<p>Como parte del cierre de estas actividades, se llevaron adelante jornadas recreativas y de integraci\u00f3n, que incluyeron propuestas con inflables, stands de los diferentes profesores y un espacio de lectura, promoviendo el aprendizaje desde una mirada integral, inclusiva y comunitaria, fortaleciendo los v\u00ednculos y el protagonismo estudiantil.<\/p>\n<p>Desde el Municipio destacaron la amplia convocatoria y la sostenida participaci\u00f3n de estudiantes a lo largo de todo el 2025, as\u00ed como el compromiso de las familias y el trabajo articulado con instituciones barriales, bibliotecas y comedores comunitarios. Estas acciones permitieron acompa\u00f1ar las diversas trayectorias escolares y consolidar espacios de continuidad para aprender, alcanzando a m\u00e1s de 600 ni\u00f1os, ni\u00f1as y adolescentes riograndenses durante el a\u00f1o.<\/p>\n<p><img loading=\"lazy\" decoding=\"async\" class=\"alignnone size-medium wp-image-62781\" src=\"https:\/\/hablemosclarotdf.com.ar\/wp-content\/uploads\/2025\/12\/photo_2025-12-22_12-46-03-300x225.jpg\" alt=\"\" width=\"300\" height=\"225\" srcset=\"https:\/\/hablemosclarotdf.com.ar\/wp-content\/uploads\/2025\/12\/photo_2025-12-22_12-46-03-300x225.jpg 300w, https:\/\/hablemosclarotdf.com.ar\/wp-content\/uploads\/2025\/12\/photo_2025-12-22_12-46-03-768x576.jpg 768w, https:\/\/hablemosclarotdf.com.ar\/wp-content\/uploads\/2025\/12\/photo_2025-12-22_12-46-03.jpg 1011w\" sizes=\"auto, (max-width: 300px) 100vw, 300px\" \/> <img loading=\"lazy\" decoding=\"async\" class=\"alignnone size-medium wp-image-62782\" src=\"https:\/\/hablemosclarotdf.com.ar\/wp-content\/uploads\/2025\/12\/photo_2025-12-22_12-46-07-300x200.jpg\" alt=\"\" width=\"300\" height=\"200\" srcset=\"https:\/\/hablemosclarotdf.com.ar\/wp-content\/uploads\/2025\/12\/photo_2025-12-22_12-46-07-300x200.jpg 300w, https:\/\/hablemosclarotdf.com.ar\/wp-content\/uploads\/2025\/12\/photo_2025-12-22_12-46-07-1024x682.jpg 1024w, https:\/\/hablemosclarotdf.com.ar\/wp-content\/uploads\/2025\/12\/photo_2025-12-22_12-46-07-768x511.jpg 768w, https:\/\/hablemosclarotdf.com.ar\/wp-content\/uploads\/2025\/12\/photo_2025-12-22_12-46-07.jpg 1280w\" sizes=\"auto, (max-width: 300px) 100vw, 300px\" \/> <img loading=\"lazy\" decoding=\"async\" class=\"alignnone size-medium wp-image-62783\" src=\"https:\/\/hablemosclarotdf.com.ar\/wp-content\/uploads\/2025\/12\/photo_2025-12-22_12-46-14-300x225.jpg\" alt=\"\" width=\"300\" height=\"225\" srcset=\"https:\/\/hablemosclarotdf.com.ar\/wp-content\/uploads\/2025\/12\/photo_2025-12-22_12-46-14-300x225.jpg 300w, https:\/\/hablemosclarotdf.com.ar\/wp-content\/uploads\/2025\/12\/photo_2025-12-22_12-46-14.jpg 693w\" sizes=\"auto, (max-width: 300px) 100vw, 300px\" \/> <img loading=\"lazy\" decoding=\"async\" class=\"alignnone size-medium wp-image-62784\" src=\"https:\/\/hablemosclarotdf.com.ar\/wp-content\/uploads\/2025\/12\/photo_2025-12-22_12-46-19-300x225.jpg\" alt=\"\" width=\"300\" height=\"225\" srcset=\"https:\/\/hablemosclarotdf.com.ar\/wp-content\/uploads\/2025\/12\/photo_2025-12-22_12-46-19-300x225.jpg 300w, https:\/\/hablemosclarotdf.com.ar\/wp-content\/uploads\/2025\/12\/photo_2025-12-22_12-46-19-768x576.jpg 768w, https:\/\/hablemosclarotdf.com.ar\/wp-content\/uploads\/2025\/12\/photo_2025-12-22_12-46-19.jpg 960w\" sizes=\"auto, (max-width: 300px) 100vw, 300px\" \/><\/p>\n","protected":false},"excerpt":{"rendered":"<p>El Municipio de R\u00edo Grande realiz\u00f3 un balance positivo del dispositivo de clases de apoyo&#8230;<\/p>\n","protected":false},"author":1,"featured_media":62780,"comment_status":"closed","ping_status":"closed","sticky":false,"template":"","format":"standard","meta":{"footnotes":""},"categories":[3],"tags":[],"class_list":["post-62779","post","type-post","status-publish","format-standard","has-post-thumbnail","hentry","category-noticias"],"jetpack_featured_media_url":"https:\/\/hablemosclarotdf.com.ar\/wp-content\/uploads\/2025\/12\/photo_2025-12-22_12-45-54.jpg","_links":{"self":[{"href":"https:\/\/hablemosclarotdf.com.ar\/index.php?rest_route=\/wp\/v2\/posts\/62779","targetHints":{"allow":["GET"]}}],"collection":[{"href":"https:\/\/hablemosclarotdf.com.ar\/index.php?rest_route=\/wp\/v2\/posts"}],"about":[{"href":"https:\/\/hablemosclarotdf.com.ar\/index.php?rest_route=\/wp\/v2\/types\/post"}],"author":[{"embeddable":true,"href":"https:\/\/hablemosclarotdf.com.ar\/index.php?rest_route=\/wp\/v2\/users\/1"}],"replies":[{"embeddable":true,"href":"https:\/\/hablemosclarotdf.com.ar\/index.php?rest_route=%2Fwp%2Fv2%2Fcomments&post=62779"}],"version-history":[{"count":1,"href":"https:\/\/hablemosclarotdf.com.ar\/index.php?rest_route=\/wp\/v2\/posts\/62779\/revisions"}],"predecessor-version":[{"id":62785,"href":"https:\/\/hablemosclarotdf.com.ar\/index.php?rest_route=\/wp\/v2\/posts\/62779\/revisions\/62785"}],"wp:featuredmedia":[{"embeddable":true,"href":"https:\/\/hablemosclarotdf.com.ar\/index.php?rest_route=\/wp\/v2\/media\/62780"}],"wp:attachment":[{"href":"https:\/\/hablemosclarotdf.com.ar\/index.php?rest_route=%2Fwp%2Fv2%2Fmedia&parent=62779"}],"wp:term":[{"taxonomy":"category","embeddable":true,"href":"https:\/\/hablemosclarotdf.com.ar\/index.php?rest_route=%2Fwp%2Fv2%2Fcategories&post=62779"},{"taxonomy":"post_tag","embeddable":true,"href":"https:\/\/hablemosclarotdf.com.ar\/index.php?rest_route=%2Fwp%2Fv2%2Ftags&post=62779"}],"curies":[{"name":"wp","href":"https:\/\/api.w.org\/{rel}","templated":true}]}}