{"id":62708,"date":"2025-12-21T17:43:41","date_gmt":"2025-12-21T20:43:41","guid":{"rendered":"https:\/\/hablemosclarotdf.com.ar\/?p=62708"},"modified":"2025-12-21T17:43:41","modified_gmt":"2025-12-21T20:43:41","slug":"escuelas-alfa-de-la-provincia-recibieron-tablets-en-el-marco-de-la-unidad-de-alfabetizacion-nacional","status":"publish","type":"post","link":"https:\/\/hablemosclarotdf.com.ar\/?p=62708","title":{"rendered":"ESCUELAS ALFA DE LA PROVINCIA RECIBIERON TABLETS EN EL MARCO DE LA UNIDAD DE ALFABETIZACI\u00d3N NACIONAL"},"content":{"rendered":"<p>El Gobierno de la provincia hizo entrega de 101 tablets repartidas en las 14 escuelas p\u00fablicas de la provincia seleccionadas para fortalecer las acciones en materia de alfabetizaci\u00f3n en los primeros a\u00f1os de la escolaridad.<\/p>\n<p>La entrega se dio en el marco del Programa Nacional de las Escuelas Alfa en Red impulsado por la Unidad de Alfabetizaci\u00f3n Nacional.<\/p>\n<p>Las instituciones seleccionadas fueron las Escuelas N\u00b013, 15, 22, 24, 30, 41, 47 de Ushuaia, N\u00b05 y 45 de Tolhuin y N\u00b010, 20, 26, 43 y 46 de R\u00edo Grande.<\/p>\n<p>La l\u00ednea de acci\u00f3n Escuelas Alfa en Red forma parte de una estrategia nacional para garantizar que todos los estudiantes del pa\u00eds lean, comprendan y produzcan textos acordes a su nivel educativo, como tambi\u00e9n, optimizar recursos, fortalecer la ense\u00f1anza y acompa\u00f1ar a docentes y directivos de las escuelas con mayores desaf\u00edos en alfabetizaci\u00f3n, con el prop\u00f3sito de garantizar aprendizajes fundamentales para todos los ni\u00f1os y ni\u00f1as del pa\u00eds.<\/p>\n<p><img loading=\"lazy\" decoding=\"async\" class=\"alignnone size-medium wp-image-62710\" src=\"https:\/\/hablemosclarotdf.com.ar\/wp-content\/uploads\/2025\/12\/photo_2025-12-21_17-39-27-300x200.jpg\" alt=\"\" width=\"300\" height=\"200\" srcset=\"https:\/\/hablemosclarotdf.com.ar\/wp-content\/uploads\/2025\/12\/photo_2025-12-21_17-39-27-300x200.jpg 300w, https:\/\/hablemosclarotdf.com.ar\/wp-content\/uploads\/2025\/12\/photo_2025-12-21_17-39-27-1024x682.jpg 1024w, https:\/\/hablemosclarotdf.com.ar\/wp-content\/uploads\/2025\/12\/photo_2025-12-21_17-39-27-768x511.jpg 768w, https:\/\/hablemosclarotdf.com.ar\/wp-content\/uploads\/2025\/12\/photo_2025-12-21_17-39-27.jpg 1280w\" sizes=\"auto, (max-width: 300px) 100vw, 300px\" \/> <img loading=\"lazy\" decoding=\"async\" class=\"alignnone size-medium wp-image-62711\" src=\"https:\/\/hablemosclarotdf.com.ar\/wp-content\/uploads\/2025\/12\/photo_2025-12-21_17-39-31-300x200.jpg\" alt=\"\" width=\"300\" height=\"200\" srcset=\"https:\/\/hablemosclarotdf.com.ar\/wp-content\/uploads\/2025\/12\/photo_2025-12-21_17-39-31-300x200.jpg 300w, https:\/\/hablemosclarotdf.com.ar\/wp-content\/uploads\/2025\/12\/photo_2025-12-21_17-39-31-1024x682.jpg 1024w, https:\/\/hablemosclarotdf.com.ar\/wp-content\/uploads\/2025\/12\/photo_2025-12-21_17-39-31-768x511.jpg 768w, https:\/\/hablemosclarotdf.com.ar\/wp-content\/uploads\/2025\/12\/photo_2025-12-21_17-39-31.jpg 1280w\" sizes=\"auto, (max-width: 300px) 100vw, 300px\" \/><\/p>\n","protected":false},"excerpt":{"rendered":"<p>El Gobierno de la provincia hizo entrega de 101 tablets repartidas en las 14 escuelas&#8230;<\/p>\n","protected":false},"author":1,"featured_media":62709,"comment_status":"closed","ping_status":"closed","sticky":false,"template":"","format":"standard","meta":{"footnotes":""},"categories":[3],"tags":[],"class_list":["post-62708","post","type-post","status-publish","format-standard","has-post-thumbnail","hentry","category-noticias"],"jetpack_featured_media_url":"https:\/\/hablemosclarotdf.com.ar\/wp-content\/uploads\/2025\/12\/photo_2025-12-21_17-39-17.jpg","_links":{"self":[{"href":"https:\/\/hablemosclarotdf.com.ar\/index.php?rest_route=\/wp\/v2\/posts\/62708","targetHints":{"allow":["GET"]}}],"collection":[{"href":"https:\/\/hablemosclarotdf.com.ar\/index.php?rest_route=\/wp\/v2\/posts"}],"about":[{"href":"https:\/\/hablemosclarotdf.com.ar\/index.php?rest_route=\/wp\/v2\/types\/post"}],"author":[{"embeddable":true,"href":"https:\/\/hablemosclarotdf.com.ar\/index.php?rest_route=\/wp\/v2\/users\/1"}],"replies":[{"embeddable":true,"href":"https:\/\/hablemosclarotdf.com.ar\/index.php?rest_route=%2Fwp%2Fv2%2Fcomments&post=62708"}],"version-history":[{"count":1,"href":"https:\/\/hablemosclarotdf.com.ar\/index.php?rest_route=\/wp\/v2\/posts\/62708\/revisions"}],"predecessor-version":[{"id":62712,"href":"https:\/\/hablemosclarotdf.com.ar\/index.php?rest_route=\/wp\/v2\/posts\/62708\/revisions\/62712"}],"wp:featuredmedia":[{"embeddable":true,"href":"https:\/\/hablemosclarotdf.com.ar\/index.php?rest_route=\/wp\/v2\/media\/62709"}],"wp:attachment":[{"href":"https:\/\/hablemosclarotdf.com.ar\/index.php?rest_route=%2Fwp%2Fv2%2Fmedia&parent=62708"}],"wp:term":[{"taxonomy":"category","embeddable":true,"href":"https:\/\/hablemosclarotdf.com.ar\/index.php?rest_route=%2Fwp%2Fv2%2Fcategories&post=62708"},{"taxonomy":"post_tag","embeddable":true,"href":"https:\/\/hablemosclarotdf.com.ar\/index.php?rest_route=%2Fwp%2Fv2%2Ftags&post=62708"}],"curies":[{"name":"wp","href":"https:\/\/api.w.org\/{rel}","templated":true}]}}