{"id":62697,"date":"2025-12-21T17:34:21","date_gmt":"2025-12-21T20:34:21","guid":{"rendered":"https:\/\/hablemosclarotdf.com.ar\/?p=62697"},"modified":"2025-12-21T17:34:51","modified_gmt":"2025-12-21T20:34:51","slug":"infraestructura-de-datos-espaciales-de-tierra-del-fuego-aias-idetdf-realizo-la-segunda-mesa-tecnica-de-trabajo-y-cierre-de-ano-2025","status":"publish","type":"post","link":"https:\/\/hablemosclarotdf.com.ar\/?p=62697","title":{"rendered":"INFRAESTRUCTURA DE DATOS ESPACIALES DE TIERRA DEL FUEGO AIAS (IDETDF) REALIZ\u00d3 LA SEGUNDA MESA T\u00c9CNICA DE TRABAJO Y CIERRE DE A\u00d1O  2025"},"content":{"rendered":"<p>La Infraestructura de Datos Espaciales de Tierra del Fuego (IDETDF) llev\u00f3 adelante la Segunda Mesa T\u00e9cnica de Trabajo del a\u00f1o,en el SUM del Instituto Provincial de Vivienda y H\u00e1bitat (IPVyH) de la ciudad de R\u00edo Grande. La jornada cont\u00f3 con la participaci\u00f3n de m\u00e1s de 20 representantes de organismos t\u00e9cnicos provinciales, municipales, de entidades cient\u00edfico-t\u00e9cnicas y de universidades, quienes se reunieron con el objetivo de fortalecer los procesos de integraci\u00f3n, colaboraci\u00f3n e intercambio de informaci\u00f3n geoespacial en el territorio fueguino.<\/p>\n<p>El encuentro fue abierto por la Directora General de Ordenamiento Territorial, Roc\u00edo Segovia y Camila Cantero, Directora de Informaci\u00f3n Geogr\u00e1fica e IDE y Coordinadora t\u00e9cnica de la IDETDF, ambas pertenecientes a la Secretar\u00eda de Asistencia y Gesti\u00f3n Ministerial del Ministerio de Jefatura de Gabinete, quienes abordaron el balance anual y las l\u00edneas estrat\u00e9gicas futuras de trabajo sobre la gesti\u00f3n de los datos espaciales en la Provincia.<\/p>\n<p>Durante la segunda parte de la jornada se invit\u00f3 al Comisario Jonatan L\u00f3pez, Jefe de la Direcci\u00f3n de An\u00e1lisis Criminal de la Polic\u00eda Provincial, para trabajar en modalidad taller sobre el marco de la Seguridad P\u00fablica en la ciudad de R\u00edo Grande. Este ejercicio permiti\u00f3 relevar necesidades concretas de informaci\u00f3n geoespacial, fomentar el trabajo interdisciplinario y reconocer el valor de la planificaci\u00f3n territorial basada en datos p\u00fablicos, verificables y accesibles.<\/p>\n<p>En ese marco, diversos referentes institucionales compartieron sus reflexiones respecto de los desaf\u00edos y potencialidades en torno al uso y aprovechamiento de los datos espaciales. Durante la jornada surgieron diversas propuestas y demandas entre las que se destacan: la necesidad de multiplicar los espacios de trabajo colectivo, avanzar en capacitaciones, difundir el uso del geoportal, y fortalecer los flujos de intercambio de informaci\u00f3n entre organismos estatales.<\/p>\n<p>La Coordinaci\u00f3n de la IDETDF agradece especialmente la presencia, compromiso y permanencia de los y las participantes a lo largo de toda la actividad, y reafirma su voluntad de consolidar una infraestructura de datos espaciales al servicio de la planificaci\u00f3n territorial, la toma de decisiones informadas y el desarrollo integrado del Estado provincial.<\/p>\n<p><img loading=\"lazy\" decoding=\"async\" class=\"alignnone size-medium wp-image-62699\" src=\"https:\/\/hablemosclarotdf.com.ar\/wp-content\/uploads\/2025\/12\/photo_2025-12-21_17-31-56-300x200.jpg\" alt=\"\" width=\"300\" height=\"200\" srcset=\"https:\/\/hablemosclarotdf.com.ar\/wp-content\/uploads\/2025\/12\/photo_2025-12-21_17-31-56-300x200.jpg 300w, https:\/\/hablemosclarotdf.com.ar\/wp-content\/uploads\/2025\/12\/photo_2025-12-21_17-31-56-1024x682.jpg 1024w, https:\/\/hablemosclarotdf.com.ar\/wp-content\/uploads\/2025\/12\/photo_2025-12-21_17-31-56-768x512.jpg 768w, https:\/\/hablemosclarotdf.com.ar\/wp-content\/uploads\/2025\/12\/photo_2025-12-21_17-31-56.jpg 1280w\" sizes=\"auto, (max-width: 300px) 100vw, 300px\" \/> <img loading=\"lazy\" decoding=\"async\" class=\"alignnone size-medium wp-image-62700\" src=\"https:\/\/hablemosclarotdf.com.ar\/wp-content\/uploads\/2025\/12\/photo_2025-12-21_17-32-03-300x200.jpg\" alt=\"\" width=\"300\" height=\"200\" srcset=\"https:\/\/hablemosclarotdf.com.ar\/wp-content\/uploads\/2025\/12\/photo_2025-12-21_17-32-03-300x200.jpg 300w, https:\/\/hablemosclarotdf.com.ar\/wp-content\/uploads\/2025\/12\/photo_2025-12-21_17-32-03-1024x682.jpg 1024w, https:\/\/hablemosclarotdf.com.ar\/wp-content\/uploads\/2025\/12\/photo_2025-12-21_17-32-03-768x512.jpg 768w, https:\/\/hablemosclarotdf.com.ar\/wp-content\/uploads\/2025\/12\/photo_2025-12-21_17-32-03.jpg 1280w\" sizes=\"auto, (max-width: 300px) 100vw, 300px\" \/> <img loading=\"lazy\" decoding=\"async\" class=\"alignnone size-medium wp-image-62701\" src=\"https:\/\/hablemosclarotdf.com.ar\/wp-content\/uploads\/2025\/12\/photo_2025-12-21_17-32-10-300x200.jpg\" alt=\"\" width=\"300\" height=\"200\" srcset=\"https:\/\/hablemosclarotdf.com.ar\/wp-content\/uploads\/2025\/12\/photo_2025-12-21_17-32-10-300x200.jpg 300w, https:\/\/hablemosclarotdf.com.ar\/wp-content\/uploads\/2025\/12\/photo_2025-12-21_17-32-10-1024x682.jpg 1024w, https:\/\/hablemosclarotdf.com.ar\/wp-content\/uploads\/2025\/12\/photo_2025-12-21_17-32-10-768x512.jpg 768w, https:\/\/hablemosclarotdf.com.ar\/wp-content\/uploads\/2025\/12\/photo_2025-12-21_17-32-10.jpg 1280w\" sizes=\"auto, (max-width: 300px) 100vw, 300px\" \/><\/p>\n","protected":false},"excerpt":{"rendered":"<p>La Infraestructura de Datos Espaciales de Tierra del Fuego (IDETDF) llev\u00f3 adelante la Segunda Mesa&#8230;<\/p>\n","protected":false},"author":1,"featured_media":62698,"comment_status":"closed","ping_status":"closed","sticky":false,"template":"","format":"standard","meta":{"footnotes":""},"categories":[3],"tags":[],"class_list":["post-62697","post","type-post","status-publish","format-standard","has-post-thumbnail","hentry","category-noticias"],"jetpack_featured_media_url":"https:\/\/hablemosclarotdf.com.ar\/wp-content\/uploads\/2025\/12\/photo_2025-12-21_17-31-46.jpg","_links":{"self":[{"href":"https:\/\/hablemosclarotdf.com.ar\/index.php?rest_route=\/wp\/v2\/posts\/62697","targetHints":{"allow":["GET"]}}],"collection":[{"href":"https:\/\/hablemosclarotdf.com.ar\/index.php?rest_route=\/wp\/v2\/posts"}],"about":[{"href":"https:\/\/hablemosclarotdf.com.ar\/index.php?rest_route=\/wp\/v2\/types\/post"}],"author":[{"embeddable":true,"href":"https:\/\/hablemosclarotdf.com.ar\/index.php?rest_route=\/wp\/v2\/users\/1"}],"replies":[{"embeddable":true,"href":"https:\/\/hablemosclarotdf.com.ar\/index.php?rest_route=%2Fwp%2Fv2%2Fcomments&post=62697"}],"version-history":[{"count":1,"href":"https:\/\/hablemosclarotdf.com.ar\/index.php?rest_route=\/wp\/v2\/posts\/62697\/revisions"}],"predecessor-version":[{"id":62702,"href":"https:\/\/hablemosclarotdf.com.ar\/index.php?rest_route=\/wp\/v2\/posts\/62697\/revisions\/62702"}],"wp:featuredmedia":[{"embeddable":true,"href":"https:\/\/hablemosclarotdf.com.ar\/index.php?rest_route=\/wp\/v2\/media\/62698"}],"wp:attachment":[{"href":"https:\/\/hablemosclarotdf.com.ar\/index.php?rest_route=%2Fwp%2Fv2%2Fmedia&parent=62697"}],"wp:term":[{"taxonomy":"category","embeddable":true,"href":"https:\/\/hablemosclarotdf.com.ar\/index.php?rest_route=%2Fwp%2Fv2%2Fcategories&post=62697"},{"taxonomy":"post_tag","embeddable":true,"href":"https:\/\/hablemosclarotdf.com.ar\/index.php?rest_route=%2Fwp%2Fv2%2Ftags&post=62697"}],"curies":[{"name":"wp","href":"https:\/\/api.w.org\/{rel}","templated":true}]}}