{"id":62677,"date":"2025-12-21T14:18:56","date_gmt":"2025-12-21T17:18:56","guid":{"rendered":"https:\/\/hablemosclarotdf.com.ar\/?p=62677"},"modified":"2025-12-21T14:18:56","modified_gmt":"2025-12-21T17:18:56","slug":"egresaron-los-primeros-estudiantes-de-los-bachilleratos-en-energia-programacion-construccion-y-gastronomia-de-la-provincia","status":"publish","type":"post","link":"https:\/\/hablemosclarotdf.com.ar\/?p=62677","title":{"rendered":"EGRESARON LOS PRIMEROS ESTUDIANTES DE LOS BACHILLERATOS EN ENERG\u00cdA, PROGRAMACI\u00d3N, CONSTRUCCI\u00d3N Y GASTRONOM\u00cdA DE LA PROVINCIA"},"content":{"rendered":"<p>38 estudiantes de Colegios T\u00e9cnicos de la provincia fueron los egresados este 2025 de los Bachilleratos de Educaci\u00f3n Profesional Secundaria en Energ\u00eda, Programaci\u00f3n y Gastronom\u00eda.<\/p>\n<p>Al respecto, el director Provincial de Educaci\u00f3n T\u00e9cnica, Carlos Iglesias, destac\u00f3 que \u201ces una alegr\u00eda estar celebrando junto a estos primeros egresados pioneros y entregarles su diploma\u201d.<\/p>\n<p>\u201cLa pandemia hab\u00eda dejado un mill\u00f3n de estudiantes desenlazados, y ellos fueron parte de eso, as\u00ed que es important\u00edsima esta estrategia de terminalidad que llevamos adelante desde el Ministerio de Educaci\u00f3n, como posibilidad a que estos chicos puedan terminar el secundario\u201d, se\u00f1al\u00f3.<\/p>\n<p>En 2022, la Direcci\u00f3n Provincial de Educaci\u00f3n T\u00e9cnico Profesional de la cartera educativa provincial incorpor\u00f3 a trav\u00e9s del INET una nueva propuesta educativa de terminalidad para el nivel secundario, la Educaci\u00f3n Profesional Secundaria, destinada a estudiantes entre 14 y 18 a\u00f1os con trayectorias escolares discontinuas y\/o desvinculados del sistema educativo, integrando los contenidos de la formaci\u00f3n general con los contenidos de la formaci\u00f3n profesional.<\/p>\n<p>De este modo las y los estudiantes obtienen la posibilidad de conseguir su t\u00edtulo secundario junto a las certificaciones profesionales del sector elegido. Las clases se desarrollan en el Centro Educativo de Formaci\u00f3n Laboral Ushuaia (CEFLU), en el Colegio T\u00e9cnico Provincial Olga B de Arko, en el Centro de Artes y Oficios de Tolhuin, y el Centro de Formaci\u00f3n Profesional Manuel Belgrano de Rio grande.<\/p>\n<p>Cabe destacar que cada estudiante avanza seg\u00fan su propio ritmo, ya que en esta propuesta se le reconoce su trayectoria, con una integraci\u00f3n de contenidos enfocada en la Formaci\u00f3n Profesional.<\/p>\n<p>Asimismo, la Educaci\u00f3n T\u00e9cnico Profesional con esta modalidad tiene como opci\u00f3n pedag\u00f3gica la terminalidad del secundario para adultos, con acuerdos en diferentes entidades como SATSAID, camioneros, OSECAC, NEWSAN, Cl\u00ednica San Jorge y Vialidad Nacional.<\/p>\n<p>La educaci\u00f3n t\u00e9cnica sigue creciendo en la provincia con diversas ofertas acad\u00e9micas potenciando capacidades para una mayor inserci\u00f3n laboral.<\/p>\n<p><img loading=\"lazy\" decoding=\"async\" class=\"alignnone size-medium wp-image-62679\" src=\"https:\/\/hablemosclarotdf.com.ar\/wp-content\/uploads\/2025\/12\/photo_2025-12-21_14-17-07-300x225.jpg\" alt=\"\" width=\"300\" height=\"225\" srcset=\"https:\/\/hablemosclarotdf.com.ar\/wp-content\/uploads\/2025\/12\/photo_2025-12-21_14-17-07-300x225.jpg 300w, https:\/\/hablemosclarotdf.com.ar\/wp-content\/uploads\/2025\/12\/photo_2025-12-21_14-17-07-1024x768.jpg 1024w, https:\/\/hablemosclarotdf.com.ar\/wp-content\/uploads\/2025\/12\/photo_2025-12-21_14-17-07-768x576.jpg 768w, https:\/\/hablemosclarotdf.com.ar\/wp-content\/uploads\/2025\/12\/photo_2025-12-21_14-17-07.jpg 1280w\" sizes=\"auto, (max-width: 300px) 100vw, 300px\" \/> <img loading=\"lazy\" decoding=\"async\" class=\"alignnone size-medium wp-image-62680\" src=\"https:\/\/hablemosclarotdf.com.ar\/wp-content\/uploads\/2025\/12\/photo_2025-12-21_14-17-17-300x225.jpg\" alt=\"\" width=\"300\" height=\"225\" srcset=\"https:\/\/hablemosclarotdf.com.ar\/wp-content\/uploads\/2025\/12\/photo_2025-12-21_14-17-17-300x225.jpg 300w, https:\/\/hablemosclarotdf.com.ar\/wp-content\/uploads\/2025\/12\/photo_2025-12-21_14-17-17-1024x768.jpg 1024w, https:\/\/hablemosclarotdf.com.ar\/wp-content\/uploads\/2025\/12\/photo_2025-12-21_14-17-17-768x576.jpg 768w, https:\/\/hablemosclarotdf.com.ar\/wp-content\/uploads\/2025\/12\/photo_2025-12-21_14-17-17.jpg 1280w\" sizes=\"auto, (max-width: 300px) 100vw, 300px\" \/> <img loading=\"lazy\" decoding=\"async\" class=\"alignnone size-medium wp-image-62681\" src=\"https:\/\/hablemosclarotdf.com.ar\/wp-content\/uploads\/2025\/12\/photo_2025-12-21_14-17-30-300x225.jpg\" alt=\"\" width=\"300\" height=\"225\" srcset=\"https:\/\/hablemosclarotdf.com.ar\/wp-content\/uploads\/2025\/12\/photo_2025-12-21_14-17-30-300x225.jpg 300w, https:\/\/hablemosclarotdf.com.ar\/wp-content\/uploads\/2025\/12\/photo_2025-12-21_14-17-30-1024x768.jpg 1024w, https:\/\/hablemosclarotdf.com.ar\/wp-content\/uploads\/2025\/12\/photo_2025-12-21_14-17-30-768x576.jpg 768w, https:\/\/hablemosclarotdf.com.ar\/wp-content\/uploads\/2025\/12\/photo_2025-12-21_14-17-30.jpg 1280w\" sizes=\"auto, (max-width: 300px) 100vw, 300px\" \/><\/p>\n","protected":false},"excerpt":{"rendered":"<p>38 estudiantes de Colegios T\u00e9cnicos de la provincia fueron los egresados este 2025 de los&#8230;<\/p>\n","protected":false},"author":1,"featured_media":62678,"comment_status":"closed","ping_status":"closed","sticky":false,"template":"","format":"standard","meta":{"footnotes":""},"categories":[3],"tags":[],"class_list":["post-62677","post","type-post","status-publish","format-standard","has-post-thumbnail","hentry","category-noticias"],"jetpack_featured_media_url":"https:\/\/hablemosclarotdf.com.ar\/wp-content\/uploads\/2025\/12\/photo_2025-12-21_14-17-03.jpg","_links":{"self":[{"href":"https:\/\/hablemosclarotdf.com.ar\/index.php?rest_route=\/wp\/v2\/posts\/62677","targetHints":{"allow":["GET"]}}],"collection":[{"href":"https:\/\/hablemosclarotdf.com.ar\/index.php?rest_route=\/wp\/v2\/posts"}],"about":[{"href":"https:\/\/hablemosclarotdf.com.ar\/index.php?rest_route=\/wp\/v2\/types\/post"}],"author":[{"embeddable":true,"href":"https:\/\/hablemosclarotdf.com.ar\/index.php?rest_route=\/wp\/v2\/users\/1"}],"replies":[{"embeddable":true,"href":"https:\/\/hablemosclarotdf.com.ar\/index.php?rest_route=%2Fwp%2Fv2%2Fcomments&post=62677"}],"version-history":[{"count":1,"href":"https:\/\/hablemosclarotdf.com.ar\/index.php?rest_route=\/wp\/v2\/posts\/62677\/revisions"}],"predecessor-version":[{"id":62682,"href":"https:\/\/hablemosclarotdf.com.ar\/index.php?rest_route=\/wp\/v2\/posts\/62677\/revisions\/62682"}],"wp:featuredmedia":[{"embeddable":true,"href":"https:\/\/hablemosclarotdf.com.ar\/index.php?rest_route=\/wp\/v2\/media\/62678"}],"wp:attachment":[{"href":"https:\/\/hablemosclarotdf.com.ar\/index.php?rest_route=%2Fwp%2Fv2%2Fmedia&parent=62677"}],"wp:term":[{"taxonomy":"category","embeddable":true,"href":"https:\/\/hablemosclarotdf.com.ar\/index.php?rest_route=%2Fwp%2Fv2%2Fcategories&post=62677"},{"taxonomy":"post_tag","embeddable":true,"href":"https:\/\/hablemosclarotdf.com.ar\/index.php?rest_route=%2Fwp%2Fv2%2Ftags&post=62677"}],"curies":[{"name":"wp","href":"https:\/\/api.w.org\/{rel}","templated":true}]}}