{"id":62666,"date":"2025-12-21T13:27:26","date_gmt":"2025-12-21T16:27:26","guid":{"rendered":"https:\/\/hablemosclarotdf.com.ar\/?p=62666"},"modified":"2025-12-21T13:27:26","modified_gmt":"2025-12-21T16:27:26","slug":"rio-grande-este-domingo-veni-a-recorrer-el-mercado-navideno-en-el-margalot","status":"publish","type":"post","link":"https:\/\/hablemosclarotdf.com.ar\/?p=62666","title":{"rendered":"RIO GRANDE : ESTE DOMINGO VEN\u00cd A RECORRER EL MERCADO NAVIDE\u00d1O EN EL MARGALOT"},"content":{"rendered":"<p>El Municipio de R\u00edo Grande invita a la comunidad a participar del \u201cMercado Navide\u00f1o\u201d, una propuesta que combina consumo local, actividades culturales y espacios de encuentro para disfrutar en familia durante la previa de las fiestas. La iniciativa se llevar\u00e1 adelante los d\u00edas domingo 21, lunes 22 y martes 23 de diciembre, de 12 a 21 horas, en el Polideportivo Carlos Margalot (Prefectura Naval 670).<\/p>\n<p>Durante las tres jornadas, vecinas y vecinos podr\u00e1n recorrer stands de emprendedores y productores locales, con una amplia variedad de productos a precios accesibles. La oferta incluir\u00e1 carnicer\u00eda con corderos a precios populares, verduler\u00eda, panader\u00eda, art\u00edculos de limpieza, jugueter\u00eda, artesan\u00edas, productos locales y la venta de pollos de producci\u00f3n local de la marca RGA Alimentos.<\/p>\n<p>El \u201cMercado Navide\u00f1o\u201d contar\u00e1 adem\u00e1s con propuestas culturales y recreativas para todas las edades. El domingo 21, desde las 15 horas, funcionar\u00e1 el Rinc\u00f3n Navide\u00f1o para que las infancias puedan visitar a Pap\u00e1 Noel y dejarle su cartita; a las 18 horas se presentar\u00e1 la Banda Municipal en un show en vivo.<\/p>\n<p>El lunes 22, a las 18 horas, se realizar\u00e1 el tradicional Pesebre Viviente y a las 19 horas habr\u00e1 un espect\u00e1culo musical con \u201cC-Baila Cumbia\u201d. El martes 23, \u00faltimo d\u00eda de feria, se presentar\u00e1 nuevamente el Pesebre Viviente a las 18 horas y, desde las 19 horas, habr\u00e1 shows musicales en vivo con Rock &amp; Amigos y Cintia Caicheo con Enfiesta2.<\/p>\n<p>El Municipio de R\u00edo Grande invita a todas las familias de la ciudad a sumarse a esta propuesta abierta y gratuita, que busca fortalecer el consumo local, el acceso a productos a precios populares y el disfrute de actividades culturales en comunidad.<\/p>\n<p><img loading=\"lazy\" decoding=\"async\" class=\"alignnone size-medium wp-image-62668\" src=\"https:\/\/hablemosclarotdf.com.ar\/wp-content\/uploads\/2025\/12\/photo_2025-12-21_13-24-02-300x200.jpg\" alt=\"\" width=\"300\" height=\"200\" srcset=\"https:\/\/hablemosclarotdf.com.ar\/wp-content\/uploads\/2025\/12\/photo_2025-12-21_13-24-02-300x200.jpg 300w, https:\/\/hablemosclarotdf.com.ar\/wp-content\/uploads\/2025\/12\/photo_2025-12-21_13-24-02-1024x682.jpg 1024w, https:\/\/hablemosclarotdf.com.ar\/wp-content\/uploads\/2025\/12\/photo_2025-12-21_13-24-02-768x512.jpg 768w, https:\/\/hablemosclarotdf.com.ar\/wp-content\/uploads\/2025\/12\/photo_2025-12-21_13-24-02.jpg 1280w\" sizes=\"auto, (max-width: 300px) 100vw, 300px\" \/><\/p>\n","protected":false},"excerpt":{"rendered":"<p>El Municipio de R\u00edo Grande invita a la comunidad a participar del \u201cMercado Navide\u00f1o\u201d, una&#8230;<\/p>\n","protected":false},"author":1,"featured_media":62667,"comment_status":"closed","ping_status":"closed","sticky":false,"template":"","format":"standard","meta":{"footnotes":""},"categories":[3],"tags":[],"class_list":["post-62666","post","type-post","status-publish","format-standard","has-post-thumbnail","hentry","category-noticias"],"jetpack_featured_media_url":"https:\/\/hablemosclarotdf.com.ar\/wp-content\/uploads\/2025\/12\/photo_2025-12-21_13-23-57.jpg","_links":{"self":[{"href":"https:\/\/hablemosclarotdf.com.ar\/index.php?rest_route=\/wp\/v2\/posts\/62666","targetHints":{"allow":["GET"]}}],"collection":[{"href":"https:\/\/hablemosclarotdf.com.ar\/index.php?rest_route=\/wp\/v2\/posts"}],"about":[{"href":"https:\/\/hablemosclarotdf.com.ar\/index.php?rest_route=\/wp\/v2\/types\/post"}],"author":[{"embeddable":true,"href":"https:\/\/hablemosclarotdf.com.ar\/index.php?rest_route=\/wp\/v2\/users\/1"}],"replies":[{"embeddable":true,"href":"https:\/\/hablemosclarotdf.com.ar\/index.php?rest_route=%2Fwp%2Fv2%2Fcomments&post=62666"}],"version-history":[{"count":1,"href":"https:\/\/hablemosclarotdf.com.ar\/index.php?rest_route=\/wp\/v2\/posts\/62666\/revisions"}],"predecessor-version":[{"id":62669,"href":"https:\/\/hablemosclarotdf.com.ar\/index.php?rest_route=\/wp\/v2\/posts\/62666\/revisions\/62669"}],"wp:featuredmedia":[{"embeddable":true,"href":"https:\/\/hablemosclarotdf.com.ar\/index.php?rest_route=\/wp\/v2\/media\/62667"}],"wp:attachment":[{"href":"https:\/\/hablemosclarotdf.com.ar\/index.php?rest_route=%2Fwp%2Fv2%2Fmedia&parent=62666"}],"wp:term":[{"taxonomy":"category","embeddable":true,"href":"https:\/\/hablemosclarotdf.com.ar\/index.php?rest_route=%2Fwp%2Fv2%2Fcategories&post=62666"},{"taxonomy":"post_tag","embeddable":true,"href":"https:\/\/hablemosclarotdf.com.ar\/index.php?rest_route=%2Fwp%2Fv2%2Ftags&post=62666"}],"curies":[{"name":"wp","href":"https:\/\/api.w.org\/{rel}","templated":true}]}}