{"id":62643,"date":"2025-12-20T19:19:59","date_gmt":"2025-12-20T22:19:59","guid":{"rendered":"https:\/\/hablemosclarotdf.com.ar\/?p=62643"},"modified":"2025-12-20T19:20:22","modified_gmt":"2025-12-20T22:20:22","slug":"se-realizo-con-gran-exito-el-taller-gobierno-abierto-en-la-provincia","status":"publish","type":"post","link":"https:\/\/hablemosclarotdf.com.ar\/?p=62643","title":{"rendered":"SE REALIZ\u00d3 CON GRAN \u00c9XITO EL TALLER \u201cGOBIERNO ABIERTO\u201d EN LA PROVINCIA"},"content":{"rendered":"<p>El Gobierno de la Provincia de Tierra del Fuego, AeIAS, a trav\u00e9s de la Agencia de Innovaci\u00f3n, llev\u00f3 a cabo el taller \u201cGobierno Abierto: transparencia, participaci\u00f3n y colaboraci\u00f3n en la gesti\u00f3n p\u00fablica\u201d en el Polo Creativo de Ushuaia, enmarcado en el Proyecto de Cooperaci\u00f3n Argentina &#8211; Uni\u00f3n Europea para la Transformaci\u00f3n Digital e Innovaci\u00f3n Tecnol\u00f3gica, con el fin de acelerar la transici\u00f3n digital y fomentar una econom\u00eda basada en el conocimiento.<\/p>\n<p>La jornada, gestionada por la Secretar\u00eda de Ciencia y Tecnolog\u00eda y la Secretar\u00eda de Malvinas, Ant\u00e1rtida, Islas del Atl\u00e1ntico Sur y Asuntos Internacionales, se consolid\u00f3 como un espacio clave para fortalecer las capacidades locales e incorporar buenas pr\u00e1cticas internacionales en materia de apertura estatal, centrado en el aporte de herramientas concretas para mejorar la calidad de la informaci\u00f3n p\u00fablica, ampliar la participaci\u00f3n ciudadana y estimular la innovaci\u00f3n tecnol\u00f3gica aplicada a la gesti\u00f3n.<\/p>\n<p>La secretaria de Ciencia y Tecnolog\u00eda de la Provincia, Elida Rechi, destac\u00f3 que \u201cla participaci\u00f3n de los asistentes demostr\u00f3 el gran compromiso y oportunidad de los agentes provinciales para sumarse y consolidar la transformaci\u00f3n del Estado con un fuerte impulso a la consolidaci\u00f3n de un gobierno participativo y transparente&#8221;.<\/p>\n<p>Estuvieron presentes, Andr\u00e9s Dachary, secretario de Malvinas, Ant\u00e1rtida, Islas del Atl\u00e1ntico Sur y Asuntos Internacionales, Delfina Candi Tormos en representaci\u00f3n de la Secretar\u00eda de Innovaci\u00f3n, Ciencia y Tecnolog\u00eda de la Naci\u00f3n, Cecilia Danesi, jefa del equipo de expertos del proyecto, junto a otros especialistas invitados de destacada trayectoria internacional y de manera virtual el Fr\u00e9d\u00e9ric Maier, agregado de cooperaci\u00f3n de la Uni\u00f3n Europea.<\/p>\n<p>&#8220;Escuchar de primera mano a expertos internacionales con casos concretos de desarrollo nos permite no solo aumentar las capacidades estatales, sino tambi\u00e9n incentivar y proyectar el fortalecimiento de un Estado menos burocr\u00e1tico, \u00e1gil y eficiente\u201d afirm\u00f3 Rechi.<\/p>\n<p>La jornada se desarroll\u00f3 en tres mesas de trabajo intensivas que permitieron el diagn\u00f3stico, el intercambio de experiencias y la construcci\u00f3n de propuestas concretas.<\/p>\n<p>La primera mesa, &#8220;Diagn\u00f3stico y priorizaci\u00f3n&#8221;, abord\u00f3 los principios de gobierno abierto y su marco internacional con la exposici\u00f3n del experto de la UE, Carlos E. Jim\u00e9nez G\u00f3mez. El director Nacional de Gobierno Abierto, Juli\u00e1n Echandi expuso el 6to Plan Nacional de Acci\u00f3n y la secretaria de Ciencia y Tecnolog\u00eda, Elida Rechi, present\u00f3 la Estrategia Integral de Innovaci\u00f3n P\u00fablica de TDF. El foco del trabajo fue identificar desaf\u00edos y oportunidades locales.<\/p>\n<p>La segunda mesa fue liderada por Stefano Quintarelli, Senior Advisor CEPS y ex miembro del Parlamento Italiano, quien comparti\u00f3 experiencias europeas exitosas sobre datos abiertos, transparencia e interoperabilidad, buscando el dise\u00f1o de compromisos provinciales concretos.<\/p>\n<p>Finalmente la tercera mesa de Gobierno Abierto hacia 2030\/2040 explor\u00f3 el futuro del GovTech y proyect\u00f3 una hoja de ruta a mediano y largo plazo, con la participaci\u00f3n de Cecilia Danesi y Gianluca Misuraca.<\/p>\n<p>La jornada concluy\u00f3 con la presentaci\u00f3n del portal de datos abiertos y la lectura de las conclusiones finales.<\/p>\n<p>Esta jornada marca el inicio de una fase de implementaci\u00f3n de los compromisos asumidos, reafirmando el compromiso del Gobierno Provincial con una gesti\u00f3n m\u00e1s transparente, participativa y colaborativa al servicio de la ciudadan\u00eda fueguina.<\/p>\n<p><img loading=\"lazy\" decoding=\"async\" class=\"alignnone size-medium wp-image-62645\" src=\"https:\/\/hablemosclarotdf.com.ar\/wp-content\/uploads\/2025\/12\/photo_2025-12-20_19-18-03-300x200.jpg\" alt=\"\" width=\"300\" height=\"200\" srcset=\"https:\/\/hablemosclarotdf.com.ar\/wp-content\/uploads\/2025\/12\/photo_2025-12-20_19-18-03-300x200.jpg 300w, https:\/\/hablemosclarotdf.com.ar\/wp-content\/uploads\/2025\/12\/photo_2025-12-20_19-18-03-1024x682.jpg 1024w, https:\/\/hablemosclarotdf.com.ar\/wp-content\/uploads\/2025\/12\/photo_2025-12-20_19-18-03-768x511.jpg 768w, https:\/\/hablemosclarotdf.com.ar\/wp-content\/uploads\/2025\/12\/photo_2025-12-20_19-18-03.jpg 1280w\" sizes=\"auto, (max-width: 300px) 100vw, 300px\" \/> <img loading=\"lazy\" decoding=\"async\" class=\"alignnone size-medium wp-image-62646\" src=\"https:\/\/hablemosclarotdf.com.ar\/wp-content\/uploads\/2025\/12\/photo_2025-12-20_19-18-08-300x200.jpg\" alt=\"\" width=\"300\" height=\"200\" srcset=\"https:\/\/hablemosclarotdf.com.ar\/wp-content\/uploads\/2025\/12\/photo_2025-12-20_19-18-08-300x200.jpg 300w, https:\/\/hablemosclarotdf.com.ar\/wp-content\/uploads\/2025\/12\/photo_2025-12-20_19-18-08-1024x682.jpg 1024w, https:\/\/hablemosclarotdf.com.ar\/wp-content\/uploads\/2025\/12\/photo_2025-12-20_19-18-08-768x511.jpg 768w, https:\/\/hablemosclarotdf.com.ar\/wp-content\/uploads\/2025\/12\/photo_2025-12-20_19-18-08.jpg 1280w\" sizes=\"auto, (max-width: 300px) 100vw, 300px\" \/> <img loading=\"lazy\" decoding=\"async\" class=\"alignnone size-medium wp-image-62647\" src=\"https:\/\/hablemosclarotdf.com.ar\/wp-content\/uploads\/2025\/12\/photo_2025-12-20_19-18-13-300x200.jpg\" alt=\"\" width=\"300\" height=\"200\" srcset=\"https:\/\/hablemosclarotdf.com.ar\/wp-content\/uploads\/2025\/12\/photo_2025-12-20_19-18-13-300x200.jpg 300w, https:\/\/hablemosclarotdf.com.ar\/wp-content\/uploads\/2025\/12\/photo_2025-12-20_19-18-13-1024x682.jpg 1024w, https:\/\/hablemosclarotdf.com.ar\/wp-content\/uploads\/2025\/12\/photo_2025-12-20_19-18-13-768x511.jpg 768w, https:\/\/hablemosclarotdf.com.ar\/wp-content\/uploads\/2025\/12\/photo_2025-12-20_19-18-13.jpg 1280w\" sizes=\"auto, (max-width: 300px) 100vw, 300px\" \/> <img loading=\"lazy\" decoding=\"async\" class=\"alignnone size-medium wp-image-62648\" src=\"https:\/\/hablemosclarotdf.com.ar\/wp-content\/uploads\/2025\/12\/photo_2025-12-20_19-18-37-300x200.jpg\" alt=\"\" width=\"300\" height=\"200\" srcset=\"https:\/\/hablemosclarotdf.com.ar\/wp-content\/uploads\/2025\/12\/photo_2025-12-20_19-18-37-300x200.jpg 300w, https:\/\/hablemosclarotdf.com.ar\/wp-content\/uploads\/2025\/12\/photo_2025-12-20_19-18-37-1024x682.jpg 1024w, https:\/\/hablemosclarotdf.com.ar\/wp-content\/uploads\/2025\/12\/photo_2025-12-20_19-18-37-768x511.jpg 768w, https:\/\/hablemosclarotdf.com.ar\/wp-content\/uploads\/2025\/12\/photo_2025-12-20_19-18-37.jpg 1280w\" sizes=\"auto, (max-width: 300px) 100vw, 300px\" \/> <img loading=\"lazy\" decoding=\"async\" class=\"alignnone size-medium wp-image-62649\" src=\"https:\/\/hablemosclarotdf.com.ar\/wp-content\/uploads\/2025\/12\/photo_2025-12-20_19-18-45-300x200.jpg\" alt=\"\" width=\"300\" height=\"200\" srcset=\"https:\/\/hablemosclarotdf.com.ar\/wp-content\/uploads\/2025\/12\/photo_2025-12-20_19-18-45-300x200.jpg 300w, https:\/\/hablemosclarotdf.com.ar\/wp-content\/uploads\/2025\/12\/photo_2025-12-20_19-18-45-1024x682.jpg 1024w, https:\/\/hablemosclarotdf.com.ar\/wp-content\/uploads\/2025\/12\/photo_2025-12-20_19-18-45-768x511.jpg 768w, https:\/\/hablemosclarotdf.com.ar\/wp-content\/uploads\/2025\/12\/photo_2025-12-20_19-18-45.jpg 1280w\" sizes=\"auto, (max-width: 300px) 100vw, 300px\" \/> <img loading=\"lazy\" decoding=\"async\" class=\"alignnone size-medium wp-image-62650\" src=\"https:\/\/hablemosclarotdf.com.ar\/wp-content\/uploads\/2025\/12\/photo_2025-12-20_19-18-50-300x200.jpg\" alt=\"\" width=\"300\" height=\"200\" srcset=\"https:\/\/hablemosclarotdf.com.ar\/wp-content\/uploads\/2025\/12\/photo_2025-12-20_19-18-50-300x200.jpg 300w, https:\/\/hablemosclarotdf.com.ar\/wp-content\/uploads\/2025\/12\/photo_2025-12-20_19-18-50-1024x682.jpg 1024w, https:\/\/hablemosclarotdf.com.ar\/wp-content\/uploads\/2025\/12\/photo_2025-12-20_19-18-50-768x511.jpg 768w, https:\/\/hablemosclarotdf.com.ar\/wp-content\/uploads\/2025\/12\/photo_2025-12-20_19-18-50.jpg 1280w\" sizes=\"auto, (max-width: 300px) 100vw, 300px\" \/><\/p>\n","protected":false},"excerpt":{"rendered":"<p>El Gobierno de la Provincia de Tierra del Fuego, AeIAS, a trav\u00e9s de la Agencia&#8230;<\/p>\n","protected":false},"author":1,"featured_media":62644,"comment_status":"closed","ping_status":"closed","sticky":false,"template":"","format":"standard","meta":{"footnotes":""},"categories":[3],"tags":[],"class_list":["post-62643","post","type-post","status-publish","format-standard","has-post-thumbnail","hentry","category-noticias"],"jetpack_featured_media_url":"https:\/\/hablemosclarotdf.com.ar\/wp-content\/uploads\/2025\/12\/photo_2025-12-20_19-17-59.jpg","_links":{"self":[{"href":"https:\/\/hablemosclarotdf.com.ar\/index.php?rest_route=\/wp\/v2\/posts\/62643","targetHints":{"allow":["GET"]}}],"collection":[{"href":"https:\/\/hablemosclarotdf.com.ar\/index.php?rest_route=\/wp\/v2\/posts"}],"about":[{"href":"https:\/\/hablemosclarotdf.com.ar\/index.php?rest_route=\/wp\/v2\/types\/post"}],"author":[{"embeddable":true,"href":"https:\/\/hablemosclarotdf.com.ar\/index.php?rest_route=\/wp\/v2\/users\/1"}],"replies":[{"embeddable":true,"href":"https:\/\/hablemosclarotdf.com.ar\/index.php?rest_route=%2Fwp%2Fv2%2Fcomments&post=62643"}],"version-history":[{"count":1,"href":"https:\/\/hablemosclarotdf.com.ar\/index.php?rest_route=\/wp\/v2\/posts\/62643\/revisions"}],"predecessor-version":[{"id":62651,"href":"https:\/\/hablemosclarotdf.com.ar\/index.php?rest_route=\/wp\/v2\/posts\/62643\/revisions\/62651"}],"wp:featuredmedia":[{"embeddable":true,"href":"https:\/\/hablemosclarotdf.com.ar\/index.php?rest_route=\/wp\/v2\/media\/62644"}],"wp:attachment":[{"href":"https:\/\/hablemosclarotdf.com.ar\/index.php?rest_route=%2Fwp%2Fv2%2Fmedia&parent=62643"}],"wp:term":[{"taxonomy":"category","embeddable":true,"href":"https:\/\/hablemosclarotdf.com.ar\/index.php?rest_route=%2Fwp%2Fv2%2Fcategories&post=62643"},{"taxonomy":"post_tag","embeddable":true,"href":"https:\/\/hablemosclarotdf.com.ar\/index.php?rest_route=%2Fwp%2Fv2%2Ftags&post=62643"}],"curies":[{"name":"wp","href":"https:\/\/api.w.org\/{rel}","templated":true}]}}