{"id":62631,"date":"2025-12-20T14:41:14","date_gmt":"2025-12-20T17:41:14","guid":{"rendered":"https:\/\/hablemosclarotdf.com.ar\/?p=62631"},"modified":"2025-12-20T14:41:14","modified_gmt":"2025-12-20T17:41:14","slug":"ushuaia-inauguro-la-plaza-estado-plurinacional-de-bolivia","status":"publish","type":"post","link":"https:\/\/hablemosclarotdf.com.ar\/?p=62631","title":{"rendered":"USHUAIA INAUGUR\u00d3 LA PLAZA ESTADO PLURINACIONAL DE BOLIVIA"},"content":{"rendered":"<p>La Municipalidad de Ushuaia, junto a la Asociaci\u00f3n Civil Bolivia Unida y la Asociaci\u00f3n Civil de Residentes Bolivianos \u201cSim\u00f3n Bol\u00edvar\u201d, inaugur\u00f3 con la participaci\u00f3n de vecinos y vecinas la Plaza Estado Plurinacional de Bolivia.<\/p>\n<p>El acto tuvo lugar en la ma\u00f1ana del s\u00e1bado en la intersecci\u00f3n de las calles Constituci\u00f3n Fueguina y Fuegia Basket. All\u00ed, el presidente de la Asociaci\u00f3n Civil de Residentes Bolivianos \u201cSim\u00f3n Bol\u00edvar\u201d, Dalmiro Ricaldez, destac\u00f3 los trabajos de puesta en valor realizados y se\u00f1al\u00f3 que \u201cfueron posibles gracias a la decisi\u00f3n pol\u00edtica del Municipio, en el marco de la conmemoraci\u00f3n de los 200 a\u00f1os de la independencia del pueblo boliviano\u201d.<\/p>\n<p>Por su parte, el presidente de la Asociaci\u00f3n Civil Bolivia Unida, Luis Quiroga, agradeci\u00f3 a la gesti\u00f3n del intendente Walter Vuoto y expres\u00f3 que \u201ceste espacio representa un reconocimiento a la historia, la identidad y el aporte cotidiano de la comunidad boliviana en Ushuaia\u201d.<\/p>\n<p>Durante el acto tambi\u00e9n tom\u00f3 la palabra el concejal Nicol\u00e1s Pelloli, quien remarc\u00f3 que \u201cm\u00e1s de 5.000 bolivianos y bolivianas residen en Ushuaia y forman parte de nuestra identidad como ciudad\u201d, al tiempo que transmiti\u00f3 el saludo del intendente Vuoto y destac\u00f3 el compromiso del Municipio con las pol\u00edticas de integraci\u00f3n y reconocimiento cultural.<\/p>\n<p>En tanto, el embajador del Estado Plurinacional de Bolivia, Ramiro Tapia, hizo llegar su saludo en el que manifest\u00f3 su agradecimiento por el gesto de hermandad, remarcando la emoci\u00f3n que genera que el nombre de Bolivia est\u00e9 presente en una plaza de Ushuaia, capital c\u00edvica donde se viven cotidianamente las reivindicaciones vinculadas a Malvinas y al reclamo hist\u00f3rico del mar para Bolivia. Asimismo, valor\u00f3 especialmente el acompa\u00f1amiento del intendente Vuoto y el reconocimiento brindado a la colectividad boliviana.<\/p>\n<p>De la inauguraci\u00f3n participaron funcionarios del Gabinete Municipal, vecinos y vecinas del sector, concejales de Ushuaia y representantes de las Fuerzas Armadas y de Seguridad.<\/p>\n<p>Durante las exposiciones se se\u00f1al\u00f3 que la iniciativa se enmarca en el compromiso asumido por el intendente Walter Vuoto con las asociaciones de la colectividad boliviana, y que cont\u00f3 con la intervenci\u00f3n de la Secretar\u00eda de Planificaci\u00f3n e Inversi\u00f3n P\u00fablica, encargada de llevar adelante las tareas de acondicionamiento y puesta en valor del nuevo espacio p\u00fablico.<\/p>\n<p>Finalmente, se realiz\u00f3 el descubrimiento de las placas conmemorativas. El nuevo espacio cuenta con un mural elaborado por el equipo del Programa de Muralismo de la Secretar\u00eda de Cultura y Educaci\u00f3n, y se destac\u00f3 que la plaza cuenta con juegos recreativos, una explanada de adoquines y una garita para el transporte p\u00fablico de pasajeros, que brindar\u00e1 servicio a las l\u00edneas A y B, mejorando la accesibilidad y el uso cotidiano del lugar.<\/p>\n<p><img loading=\"lazy\" decoding=\"async\" class=\"alignnone size-medium wp-image-62633\" src=\"https:\/\/hablemosclarotdf.com.ar\/wp-content\/uploads\/2025\/12\/photo_2025-12-20_14-38-24-300x200.jpg\" alt=\"\" width=\"300\" height=\"200\" srcset=\"https:\/\/hablemosclarotdf.com.ar\/wp-content\/uploads\/2025\/12\/photo_2025-12-20_14-38-24-300x200.jpg 300w, https:\/\/hablemosclarotdf.com.ar\/wp-content\/uploads\/2025\/12\/photo_2025-12-20_14-38-24-1024x682.jpg 1024w, https:\/\/hablemosclarotdf.com.ar\/wp-content\/uploads\/2025\/12\/photo_2025-12-20_14-38-24-768x512.jpg 768w, https:\/\/hablemosclarotdf.com.ar\/wp-content\/uploads\/2025\/12\/photo_2025-12-20_14-38-24.jpg 1280w\" sizes=\"auto, (max-width: 300px) 100vw, 300px\" \/> <img loading=\"lazy\" decoding=\"async\" class=\"alignnone size-medium wp-image-62634\" src=\"https:\/\/hablemosclarotdf.com.ar\/wp-content\/uploads\/2025\/12\/photo_2025-12-20_14-39-25-300x200.jpg\" alt=\"\" width=\"300\" height=\"200\" srcset=\"https:\/\/hablemosclarotdf.com.ar\/wp-content\/uploads\/2025\/12\/photo_2025-12-20_14-39-25-300x200.jpg 300w, https:\/\/hablemosclarotdf.com.ar\/wp-content\/uploads\/2025\/12\/photo_2025-12-20_14-39-25-1024x682.jpg 1024w, https:\/\/hablemosclarotdf.com.ar\/wp-content\/uploads\/2025\/12\/photo_2025-12-20_14-39-25-768x512.jpg 768w, https:\/\/hablemosclarotdf.com.ar\/wp-content\/uploads\/2025\/12\/photo_2025-12-20_14-39-25.jpg 1280w\" sizes=\"auto, (max-width: 300px) 100vw, 300px\" \/><\/p>\n","protected":false},"excerpt":{"rendered":"<p>La Municipalidad de Ushuaia, junto a la Asociaci\u00f3n Civil Bolivia Unida y la Asociaci\u00f3n Civil&#8230;<\/p>\n","protected":false},"author":1,"featured_media":62632,"comment_status":"closed","ping_status":"closed","sticky":false,"template":"","format":"standard","meta":{"footnotes":""},"categories":[3],"tags":[],"class_list":["post-62631","post","type-post","status-publish","format-standard","has-post-thumbnail","hentry","category-noticias"],"jetpack_featured_media_url":"https:\/\/hablemosclarotdf.com.ar\/wp-content\/uploads\/2025\/12\/photo_2025-12-20_14-38-15.jpg","_links":{"self":[{"href":"https:\/\/hablemosclarotdf.com.ar\/index.php?rest_route=\/wp\/v2\/posts\/62631","targetHints":{"allow":["GET"]}}],"collection":[{"href":"https:\/\/hablemosclarotdf.com.ar\/index.php?rest_route=\/wp\/v2\/posts"}],"about":[{"href":"https:\/\/hablemosclarotdf.com.ar\/index.php?rest_route=\/wp\/v2\/types\/post"}],"author":[{"embeddable":true,"href":"https:\/\/hablemosclarotdf.com.ar\/index.php?rest_route=\/wp\/v2\/users\/1"}],"replies":[{"embeddable":true,"href":"https:\/\/hablemosclarotdf.com.ar\/index.php?rest_route=%2Fwp%2Fv2%2Fcomments&post=62631"}],"version-history":[{"count":1,"href":"https:\/\/hablemosclarotdf.com.ar\/index.php?rest_route=\/wp\/v2\/posts\/62631\/revisions"}],"predecessor-version":[{"id":62635,"href":"https:\/\/hablemosclarotdf.com.ar\/index.php?rest_route=\/wp\/v2\/posts\/62631\/revisions\/62635"}],"wp:featuredmedia":[{"embeddable":true,"href":"https:\/\/hablemosclarotdf.com.ar\/index.php?rest_route=\/wp\/v2\/media\/62632"}],"wp:attachment":[{"href":"https:\/\/hablemosclarotdf.com.ar\/index.php?rest_route=%2Fwp%2Fv2%2Fmedia&parent=62631"}],"wp:term":[{"taxonomy":"category","embeddable":true,"href":"https:\/\/hablemosclarotdf.com.ar\/index.php?rest_route=%2Fwp%2Fv2%2Fcategories&post=62631"},{"taxonomy":"post_tag","embeddable":true,"href":"https:\/\/hablemosclarotdf.com.ar\/index.php?rest_route=%2Fwp%2Fv2%2Ftags&post=62631"}],"curies":[{"name":"wp","href":"https:\/\/api.w.org\/{rel}","templated":true}]}}