{"id":62617,"date":"2025-12-20T14:04:30","date_gmt":"2025-12-20T17:04:30","guid":{"rendered":"https:\/\/hablemosclarotdf.com.ar\/?p=62617"},"modified":"2025-12-20T14:05:19","modified_gmt":"2025-12-20T17:05:19","slug":"c-d-tolhuin-9-sesion-ordinaria-del-concejo-deliberante","status":"publish","type":"post","link":"https:\/\/hablemosclarotdf.com.ar\/?p=62617","title":{"rendered":"C.D.TOLHUIN : 9\u00b0 SESI\u00d3N ORDINARIA DEL CONCEJO DELIBERANTE"},"content":{"rendered":"<p>En la jornada de ayer se llev\u00f3 adelante la 9.\u00aa Sesi\u00f3n Ordinaria del Per\u00edodo Legislativo 2025, donde el Concejo Deliberante de Tolhuin aprob\u00f3 una serie de proyectos de relevancia institucional, comunitaria y estrat\u00e9gica para la ciudad.<\/p>\n<p>Entre los asuntos tratados, se aprob\u00f3 la modificaci\u00f3n de la Ordenanza N.\u00ba 295\/08, autorizando al Departamento Ejecutivo Municipal a donar un predio municipal a la Agencia de Administraci\u00f3n de Bienes del Estado, con destino exclusivo a la reubicaci\u00f3n del Ej\u00e9rcito Argentino en el \u00e1mbito territorial de Tolhuin. La ordenanza establece que la donaci\u00f3n es gratuita e irrevocable, y garantiza que, en caso de no concretarse el destino previsto, el terreno deber\u00e1 ser retransferido al Municipio. La sesi\u00f3n cont\u00f3 con la presencia de autoridades militares, acompa\u00f1ando el tratamiento del proyecto.<\/p>\n<p>Asimismo, el cuerpo aprob\u00f3 un pedido de informes interbloque dirigido al Departamento Ejecutivo Municipal, referido al funcionamiento del servicio de reparto de agua, con el objetivo de contar con informaci\u00f3n clara y actualizada sobre esta prestaci\u00f3n esencial para los vecinos y vecinas.<\/p>\n<p>Durante la sesi\u00f3n tambi\u00e9n se declar\u00f3 de Inter\u00e9s Municipal la Tecnicatura Superior en Turismo con orientaci\u00f3n en Ecoturismo, reconociendo el valor de la formaci\u00f3n acad\u00e9mica vinculada al desarrollo sostenible y al perfil tur\u00edstico de la ciudad. En un cuarto intermedio, la Declaraci\u00f3n fue entregada a estudiantes y profesionales egresadas de la carrera, quienes se encontraban presentes.<\/p>\n<p>Por \u00faltimo, se aprob\u00f3 una ordenanza interbloque para asignar nombre a la calle N.\u00ba 284 del Macizo 132, avanzando en el ordenamiento urbano y la identidad de los barrios de Tolhuin.<\/p>\n<p>De esta manera, el Concejo Deliberante contin\u00faa trabajando en iniciativas que fortalecen la institucionalidad, acompa\u00f1an a la comunidad y promueven el desarrollo local.<\/p>\n<p><img loading=\"lazy\" decoding=\"async\" class=\"alignnone size-medium wp-image-62619\" src=\"https:\/\/hablemosclarotdf.com.ar\/wp-content\/uploads\/2025\/12\/photo_2025-12-20_14-02-35-300x227.jpg\" alt=\"\" width=\"300\" height=\"227\" srcset=\"https:\/\/hablemosclarotdf.com.ar\/wp-content\/uploads\/2025\/12\/photo_2025-12-20_14-02-35-300x227.jpg 300w, https:\/\/hablemosclarotdf.com.ar\/wp-content\/uploads\/2025\/12\/photo_2025-12-20_14-02-35-1024x776.jpg 1024w, https:\/\/hablemosclarotdf.com.ar\/wp-content\/uploads\/2025\/12\/photo_2025-12-20_14-02-35-768x582.jpg 768w, https:\/\/hablemosclarotdf.com.ar\/wp-content\/uploads\/2025\/12\/photo_2025-12-20_14-02-35.jpg 1280w\" sizes=\"auto, (max-width: 300px) 100vw, 300px\" \/> <img loading=\"lazy\" decoding=\"async\" class=\"alignnone size-medium wp-image-62620\" src=\"https:\/\/hablemosclarotdf.com.ar\/wp-content\/uploads\/2025\/12\/photo_2025-12-20_14-02-39-300x210.jpg\" alt=\"\" width=\"300\" height=\"210\" srcset=\"https:\/\/hablemosclarotdf.com.ar\/wp-content\/uploads\/2025\/12\/photo_2025-12-20_14-02-39-300x210.jpg 300w, https:\/\/hablemosclarotdf.com.ar\/wp-content\/uploads\/2025\/12\/photo_2025-12-20_14-02-39-1024x716.jpg 1024w, https:\/\/hablemosclarotdf.com.ar\/wp-content\/uploads\/2025\/12\/photo_2025-12-20_14-02-39-768x537.jpg 768w, https:\/\/hablemosclarotdf.com.ar\/wp-content\/uploads\/2025\/12\/photo_2025-12-20_14-02-39.jpg 1280w\" sizes=\"auto, (max-width: 300px) 100vw, 300px\" \/> <img loading=\"lazy\" decoding=\"async\" class=\"alignnone size-medium wp-image-62621\" src=\"https:\/\/hablemosclarotdf.com.ar\/wp-content\/uploads\/2025\/12\/photo_2025-12-20_14-02-44-300x200.jpg\" alt=\"\" width=\"300\" height=\"200\" srcset=\"https:\/\/hablemosclarotdf.com.ar\/wp-content\/uploads\/2025\/12\/photo_2025-12-20_14-02-44-300x200.jpg 300w, https:\/\/hablemosclarotdf.com.ar\/wp-content\/uploads\/2025\/12\/photo_2025-12-20_14-02-44-1024x684.jpg 1024w, https:\/\/hablemosclarotdf.com.ar\/wp-content\/uploads\/2025\/12\/photo_2025-12-20_14-02-44-768x513.jpg 768w, https:\/\/hablemosclarotdf.com.ar\/wp-content\/uploads\/2025\/12\/photo_2025-12-20_14-02-44.jpg 1280w\" sizes=\"auto, (max-width: 300px) 100vw, 300px\" \/> <img loading=\"lazy\" decoding=\"async\" class=\"alignnone size-medium wp-image-62622\" src=\"https:\/\/hablemosclarotdf.com.ar\/wp-content\/uploads\/2025\/12\/photo_2025-12-20_14-02-50-300x188.jpg\" alt=\"\" width=\"300\" height=\"188\" srcset=\"https:\/\/hablemosclarotdf.com.ar\/wp-content\/uploads\/2025\/12\/photo_2025-12-20_14-02-50-300x188.jpg 300w, https:\/\/hablemosclarotdf.com.ar\/wp-content\/uploads\/2025\/12\/photo_2025-12-20_14-02-50-1024x642.jpg 1024w, https:\/\/hablemosclarotdf.com.ar\/wp-content\/uploads\/2025\/12\/photo_2025-12-20_14-02-50-768x482.jpg 768w, https:\/\/hablemosclarotdf.com.ar\/wp-content\/uploads\/2025\/12\/photo_2025-12-20_14-02-50-800x500.jpg 800w, https:\/\/hablemosclarotdf.com.ar\/wp-content\/uploads\/2025\/12\/photo_2025-12-20_14-02-50-540x340.jpg 540w, https:\/\/hablemosclarotdf.com.ar\/wp-content\/uploads\/2025\/12\/photo_2025-12-20_14-02-50-400x250.jpg 400w, https:\/\/hablemosclarotdf.com.ar\/wp-content\/uploads\/2025\/12\/photo_2025-12-20_14-02-50.jpg 1280w\" sizes=\"auto, (max-width: 300px) 100vw, 300px\" \/> <img loading=\"lazy\" decoding=\"async\" class=\"alignnone size-medium wp-image-62623\" src=\"https:\/\/hablemosclarotdf.com.ar\/wp-content\/uploads\/2025\/12\/photo_2025-12-20_14-02-56-300x169.jpg\" alt=\"\" width=\"300\" height=\"169\" srcset=\"https:\/\/hablemosclarotdf.com.ar\/wp-content\/uploads\/2025\/12\/photo_2025-12-20_14-02-56-300x169.jpg 300w, https:\/\/hablemosclarotdf.com.ar\/wp-content\/uploads\/2025\/12\/photo_2025-12-20_14-02-56-1024x576.jpg 1024w, https:\/\/hablemosclarotdf.com.ar\/wp-content\/uploads\/2025\/12\/photo_2025-12-20_14-02-56-768x432.jpg 768w, https:\/\/hablemosclarotdf.com.ar\/wp-content\/uploads\/2025\/12\/photo_2025-12-20_14-02-56.jpg 1280w\" sizes=\"auto, (max-width: 300px) 100vw, 300px\" \/><\/p>\n","protected":false},"excerpt":{"rendered":"<p>En la jornada de ayer se llev\u00f3 adelante la 9.\u00aa Sesi\u00f3n Ordinaria del Per\u00edodo Legislativo&#8230;<\/p>\n","protected":false},"author":1,"featured_media":62618,"comment_status":"closed","ping_status":"closed","sticky":false,"template":"","format":"standard","meta":{"footnotes":""},"categories":[3],"tags":[],"class_list":["post-62617","post","type-post","status-publish","format-standard","has-post-thumbnail","hentry","category-noticias"],"jetpack_featured_media_url":"https:\/\/hablemosclarotdf.com.ar\/wp-content\/uploads\/2025\/12\/photo_2025-12-20_14-02-29.jpg","_links":{"self":[{"href":"https:\/\/hablemosclarotdf.com.ar\/index.php?rest_route=\/wp\/v2\/posts\/62617","targetHints":{"allow":["GET"]}}],"collection":[{"href":"https:\/\/hablemosclarotdf.com.ar\/index.php?rest_route=\/wp\/v2\/posts"}],"about":[{"href":"https:\/\/hablemosclarotdf.com.ar\/index.php?rest_route=\/wp\/v2\/types\/post"}],"author":[{"embeddable":true,"href":"https:\/\/hablemosclarotdf.com.ar\/index.php?rest_route=\/wp\/v2\/users\/1"}],"replies":[{"embeddable":true,"href":"https:\/\/hablemosclarotdf.com.ar\/index.php?rest_route=%2Fwp%2Fv2%2Fcomments&post=62617"}],"version-history":[{"count":1,"href":"https:\/\/hablemosclarotdf.com.ar\/index.php?rest_route=\/wp\/v2\/posts\/62617\/revisions"}],"predecessor-version":[{"id":62624,"href":"https:\/\/hablemosclarotdf.com.ar\/index.php?rest_route=\/wp\/v2\/posts\/62617\/revisions\/62624"}],"wp:featuredmedia":[{"embeddable":true,"href":"https:\/\/hablemosclarotdf.com.ar\/index.php?rest_route=\/wp\/v2\/media\/62618"}],"wp:attachment":[{"href":"https:\/\/hablemosclarotdf.com.ar\/index.php?rest_route=%2Fwp%2Fv2%2Fmedia&parent=62617"}],"wp:term":[{"taxonomy":"category","embeddable":true,"href":"https:\/\/hablemosclarotdf.com.ar\/index.php?rest_route=%2Fwp%2Fv2%2Fcategories&post=62617"},{"taxonomy":"post_tag","embeddable":true,"href":"https:\/\/hablemosclarotdf.com.ar\/index.php?rest_route=%2Fwp%2Fv2%2Ftags&post=62617"}],"curies":[{"name":"wp","href":"https:\/\/api.w.org\/{rel}","templated":true}]}}