{"id":62614,"date":"2025-12-20T13:58:39","date_gmt":"2025-12-20T16:58:39","guid":{"rendered":"https:\/\/hablemosclarotdf.com.ar\/?p=62614"},"modified":"2025-12-20T13:58:39","modified_gmt":"2025-12-20T16:58:39","slug":"rio-grande-municipio-veteranos-y-docentes-antarticos-trabajan-en-acciones-para-abordar-la-tematica-soberania-en-las-escuelas","status":"publish","type":"post","link":"https:\/\/hablemosclarotdf.com.ar\/?p=62614","title":{"rendered":"RIO GRANDE : MUNICIPIO, VETERANOS Y DOCENTES ANT\u00c1RTICOS TRABAJAN EN ACCIONES PARA ABORDAR LA TEM\u00c1TICA SOBERAN\u00cdA EN LAS ESCUELAS"},"content":{"rendered":"<p>El Municipio de R\u00edo Grande en conjunto con Veteranos de Malvinas, Docentes Ant\u00e1rticos, el Legislador Mat\u00edas Lapadula y el Concejal Jonatan Bogado, se reunieron en el SUM del Centro de Veteranos \u201cMalvinas Argentinas\u201d con el objetivo de proyectar acciones formativas en torno a las tem\u00e1ticas Malvinas, Atl\u00e1ntico Sur y Ant\u00e1rtida.<\/p>\n<p>Desde la Direcci\u00f3n General de Cooperaci\u00f3n y Asuntos Estrat\u00e9gicos se impuls\u00f3 una reuni\u00f3n de trabajo entre los Veteranos de Malvinas y Docentes que se han desempe\u00f1ado en campa\u00f1as ant\u00e1rticas en el Colegio N\u00b038 de Base Esperanza.<\/p>\n<p>Ariel Rodriguez, Director General de Cooperaci\u00f3n y Asuntos Estrat\u00e9gicos subray\u00f3 la importancia de este primer encuentro en pos de los desaf\u00edos que se plantean para la gesti\u00f3n en esta materia. \u201cNos hemos dado el trabajo de entregar un ejemplar del Mapa Bicontinental a todos los colegios p\u00fablicos de nuestra ciudad, entendiendo en esta acci\u00f3n el primer paso para que los estudiantes empiecen a reconocer la extensi\u00f3n total de nuestro pa\u00eds, y sobre todo a la Ant\u00e1rtida como territorio constitutivo de nuestra provincia. Este es el punto de partida para abordar las tem\u00e1ticas que hacen a la soberan\u00eda de nuestra provincia bicontinental que hoy se enmarca m\u00e1s que nunca en un punto geoestrat\u00e9gico a nivel mundial\u201d.<\/p>\n<p>Por su parte, los Docentes Bicontinentales agradecieron y celebraron la convocatoria, coincidiendo en la misi\u00f3n de que \u201cla Ant\u00e1rtida se conozca y se sienta\u201d, a trav\u00e9s de un trabajo sistematizado, concreto y coherente. A su vez, destacaron el impulso por parte del Municipio del trabajo en conjunto con los Veteranos de Guerra porque \u201chablar de Malvinas y Ant\u00e1rtida es hablar de un mismo sentimiento\u201d. En este sentido, remarcaron la necesidad de \u201cinstitucionalizar la presencia del stand de los docentes ant\u00e1rticos en la Carpa de la Dignidad\u201d, como sucedi\u00f3 durante la semana de la vigilia de este a\u00f1o.<\/p>\n<p>Los docentes ant\u00e1rticos de la ciudad de R\u00edo Grande que estuvieron presentes fueron Soledad Otaola, Sergio Brizuela, Griselda Ram\u00edrez y Julio Palavecino, mientras que se sumaron virtualmente desde la ciudad de Ushuaia Graciela Lamas, Romina Lemos, Mariana Ibarra, V\u00edctor Navarro, Mar\u00eda de la Paz Labate, Gustavo Adolfo Lezcano y N\u00e9stor Cascu.<\/p>\n<p>En representaci\u00f3n del Centro de Veteranos, tomaron la palabra en primer lugar su Secretario, VGM Roma Alancay, quien se reconoci\u00f3 como ant\u00e1rtico por haber participado en tres campa\u00f1as ant\u00e1rticas a bordo del ARA Almirante Irizar, destacando que para los Veteranos \u201ces un honor que los docentes bicontinentales participen de la Carpa de la Dignidad\u201d, resaltando a su vez que con su tarea cotidiana los Docentes Ant\u00e1rticos \u201cest\u00e1n dejando huellas hablando sobre soberan\u00eda y Malvinas\u201d. Adem\u00e1s, el VGM Osvaldo Baz\u00e1n anim\u00f3 a los docentes a \u201cseguir trabajando con perseverancia\u201d dado que se trata de una tarea compleja y larga. Por \u00faltimo, el VGM Horacio Chavez, recalc\u00f3 la importancia de trabajar sobre la formaci\u00f3n en la tem\u00e1tica soberan\u00eda, describiendo el complejo momento que atraviesa la regi\u00f3n en cuanto la misma y la necesidad de seguir impulsando acciones en este sentido.<\/p>\n<p>Seguidamente, Sara Pindek, subsecretaria de Educaci\u00f3n y Formaci\u00f3n para el Desarrollo del Municipio de R\u00edo Grande, expres\u00f3 que \u201cparticipar de este encuentro en el Centro de Excombatientes de Malvinas, junto a las y los docentes ant\u00e1rticos, es profundamente valioso en t\u00e9rminos de ejercicio de soberan\u00eda. Estos espacios fortalecen un conocimiento situado y s\u00f3lido de nuestra provincia grande, Tierra del Fuego, Ant\u00e1rtida e Islas del Atl\u00e1ntico Sur, donde la causa Malvinas y la presencia en la Ant\u00e1rtida no son solo memoria hist\u00f3rica, sino pr\u00e1cticas vivas que se enlazan con la educaci\u00f3n, el territorio y la defensa de nuestros derechos soberanos. Pensar Malvinas y la Ant\u00e1rtida desde este lugar del pa\u00eds es reafirmar, desde la educaci\u00f3n y la construcci\u00f3n colectiva, una soberan\u00eda que se ejerce cotidianamente.\u201d<\/p>\n<p>Durante la charla se comenz\u00f3 a idear un proyecto que enmarque la importancia de promover una jornada especial dentro de la curr\u00edcula escolar para abordar los principales aspectos que impactan en el concepto de soberan\u00eda. Para la consecuci\u00f3n de este fin, se plante\u00f3 la necesidad de trabajar en el armado de un manual de contenidos especializado en las tem\u00e1ticas Malvinas, Atl\u00e1ntico Sur y Ant\u00e1rtida.<\/p>\n<p>De la reuni\u00f3n participaron tambi\u00e9n el Legislador Mat\u00edas Lapadula y el Concejal Jonatan Bogado. Lapadula destac\u00f3 el tenor de la reuni\u00f3n, argumentando que \u201cR\u00edo Grande es un faro a nivel nacional en la cuesti\u00f3n de la soberan\u00eda\u201d. En esa l\u00ednea expres\u00f3 que \u201ces necesario darnos esta tarea de ir hacia una formaci\u00f3n que nos permita sistematizar y poder contar todos lo mismo. Una formaci\u00f3n que sea un faro de Malvinizaci\u00f3n y conciencia de lo que significa la Argentina Bicontinental\u201d, concluyendo que \u201csi en todo el pa\u00eds se compartir\u00eda la conciencia de los fueguinos, ya estar\u00edamos izando nuestra bandera en las Islas\u201d.<\/p>\n<p>Por su lado, el Concejal Bogado, quien preside la Comisi\u00f3n de Soberan\u00eda del Concejo Deliberante, puntualiz\u00f3 sobre el proyecto que se busca impulsar resaltando que \u201cla normativa por s\u00ed misma no basta, una Ley viene a consolidar lo que podemos conseguir, pero son las acciones de las personas en el tiempo la que arraigan los conceptos y las ideas\u201d, al mismo tiempo que destac\u00f3 la difusi\u00f3n del Mapa Bicontinental en los colegios, dado que \u201ces fundamental para la formaci\u00f3n de ciudadanos comprometidos con la defensa de los intereses de nuestra provincia grande\u201d.<\/p>\n<p>A finalizar la reuni\u00f3n, desde el Municipio se hizo entrega a los Veteranos de un cuadro con el Mapa Bicontinental, al mismo tiempo que se entreg\u00f3 otro ejemplar en un porta plano para que Susana Alegre y Gustavo Olivera, quienes encarar\u00e1n la campa\u00f1a ant\u00e1rtica como docentes en 2026, puedan entregar en el Colegio de Base Esperanza.<\/p>\n","protected":false},"excerpt":{"rendered":"<p>El Municipio de R\u00edo Grande en conjunto con Veteranos de Malvinas, Docentes Ant\u00e1rticos, el Legislador&#8230;<\/p>\n","protected":false},"author":1,"featured_media":62615,"comment_status":"closed","ping_status":"closed","sticky":false,"template":"","format":"standard","meta":{"footnotes":""},"categories":[3],"tags":[],"class_list":["post-62614","post","type-post","status-publish","format-standard","has-post-thumbnail","hentry","category-noticias"],"jetpack_featured_media_url":"https:\/\/hablemosclarotdf.com.ar\/wp-content\/uploads\/2025\/12\/photo_2025-12-20_13-56-24.jpg","_links":{"self":[{"href":"https:\/\/hablemosclarotdf.com.ar\/index.php?rest_route=\/wp\/v2\/posts\/62614","targetHints":{"allow":["GET"]}}],"collection":[{"href":"https:\/\/hablemosclarotdf.com.ar\/index.php?rest_route=\/wp\/v2\/posts"}],"about":[{"href":"https:\/\/hablemosclarotdf.com.ar\/index.php?rest_route=\/wp\/v2\/types\/post"}],"author":[{"embeddable":true,"href":"https:\/\/hablemosclarotdf.com.ar\/index.php?rest_route=\/wp\/v2\/users\/1"}],"replies":[{"embeddable":true,"href":"https:\/\/hablemosclarotdf.com.ar\/index.php?rest_route=%2Fwp%2Fv2%2Fcomments&post=62614"}],"version-history":[{"count":1,"href":"https:\/\/hablemosclarotdf.com.ar\/index.php?rest_route=\/wp\/v2\/posts\/62614\/revisions"}],"predecessor-version":[{"id":62616,"href":"https:\/\/hablemosclarotdf.com.ar\/index.php?rest_route=\/wp\/v2\/posts\/62614\/revisions\/62616"}],"wp:featuredmedia":[{"embeddable":true,"href":"https:\/\/hablemosclarotdf.com.ar\/index.php?rest_route=\/wp\/v2\/media\/62615"}],"wp:attachment":[{"href":"https:\/\/hablemosclarotdf.com.ar\/index.php?rest_route=%2Fwp%2Fv2%2Fmedia&parent=62614"}],"wp:term":[{"taxonomy":"category","embeddable":true,"href":"https:\/\/hablemosclarotdf.com.ar\/index.php?rest_route=%2Fwp%2Fv2%2Fcategories&post=62614"},{"taxonomy":"post_tag","embeddable":true,"href":"https:\/\/hablemosclarotdf.com.ar\/index.php?rest_route=%2Fwp%2Fv2%2Ftags&post=62614"}],"curies":[{"name":"wp","href":"https:\/\/api.w.org\/{rel}","templated":true}]}}