{"id":62611,"date":"2025-12-20T13:52:52","date_gmt":"2025-12-20T16:52:52","guid":{"rendered":"https:\/\/hablemosclarotdf.com.ar\/?p=62611"},"modified":"2025-12-20T13:52:52","modified_gmt":"2025-12-20T16:52:52","slug":"rio-grande-vive-la-previa-de-las-fiestas-con-el-mercado-navideno","status":"publish","type":"post","link":"https:\/\/hablemosclarotdf.com.ar\/?p=62611","title":{"rendered":"R\u00cdO GRANDE VIVE LA PREVIA DE LAS FIESTAS CON EL MERCADO NAVIDE\u00d1O"},"content":{"rendered":"<p>El Municipio de R\u00edo Grande invita a la comunidad a participar de una propuesta abierta y gratuita que combina feria de emprendedores, actividades recreativas para las infancias y espect\u00e1culos culturales, promoviendo el consumo local y el encuentro familiar.<\/p>\n<p>El Municipio de R\u00edo Grande invita a las vecinas y vecinos a recorrer el Mercado Navide\u00f1o, el cual se desarrollar\u00e1 el domingo 21, lunes 22 y martes 23 de diciembre, de 12 a 21 horas, en el Polideportivo Carlos Margalot, ubicado en Prefectura Naval 670.<\/p>\n<p>Durante las 3 jornadas, las y los riograndenses podr\u00e1n visitar stands de emprendedores y artesanos locales, con una amplia variedad de productos pensados para acompa\u00f1ar los festejos de fin de a\u00f1o, fortaleciendo el trabajo local y la econom\u00eda popular.<\/p>\n<p>Adem\u00e1s de la feria, el Mercado Navide\u00f1o contar\u00e1 con una importante agenda de actividades culturales y recreativas para toda la familia. Los 3 d\u00edas, de 15 a 18 horas, funcionar\u00e1 el \u201cRinc\u00f3n Navide\u00f1o\u201d, un espacio especialmente dise\u00f1ado para las infancias, donde podr\u00e1n compartir un momento especial con Pap\u00e1 Noel y dejar su cartita.<\/p>\n<p>El domingo 21, el Mercado abrir\u00e1 sus puertas a las 12 horas. A las 18 horas se presentar\u00e1 la Banda Municipal, y a las 19:30 horas ser\u00e1 el turno de Rock &amp; Amigos, con un show musical en vivo. La primera jornada finalizar\u00e1 a las 21 horas.<\/p>\n<p>Mientras que el lunes 22, adem\u00e1s del funcionamiento del Mercado y del Rinc\u00f3n Navide\u00f1o, a las 18 horas se llevar\u00e1 adelante el tradicional Pesebre Viviente. Luego, a las 19:30 horas, se presentar\u00e1 C-Baila Cumbia, cerrando la jornada a las 21 horas.<\/p>\n<p>Finalmente, el martes 23 de diciembre, \u00faltimo d\u00eda del Mercado Navide\u00f1o, durante la tarde continuar\u00e1 el Rinc\u00f3n Navide\u00f1o. A las 18 horas se realizar\u00e1 nuevamente el Pesebre Viviente, a las 19 horas se presentar\u00e1 el Coro de la Iglesia Apost\u00f3lica y a las 20 horas el cierre musical estar\u00e1 a cargo de Enfiesta2, finalizando la propuesta a las 21 horas.<\/p>\n<p>Desde el Municipio de R\u00edo Grande se invita a toda la comunidad a ser parte de esta iniciativa que busca acompa\u00f1ar a las familias en la previa de las fiestas, promoviendo el consumo local, el acceso a propuestas culturales y el disfrute de espacios de encuentro para todas las edades.<\/p>\n","protected":false},"excerpt":{"rendered":"<p>El Municipio de R\u00edo Grande invita a la comunidad a participar de una propuesta abierta&#8230;<\/p>\n","protected":false},"author":1,"featured_media":62612,"comment_status":"closed","ping_status":"closed","sticky":false,"template":"","format":"standard","meta":{"footnotes":""},"categories":[3],"tags":[],"class_list":["post-62611","post","type-post","status-publish","format-standard","has-post-thumbnail","hentry","category-noticias"],"jetpack_featured_media_url":"https:\/\/hablemosclarotdf.com.ar\/wp-content\/uploads\/2025\/12\/photo_2025-12-20_13-51-50.jpg","_links":{"self":[{"href":"https:\/\/hablemosclarotdf.com.ar\/index.php?rest_route=\/wp\/v2\/posts\/62611","targetHints":{"allow":["GET"]}}],"collection":[{"href":"https:\/\/hablemosclarotdf.com.ar\/index.php?rest_route=\/wp\/v2\/posts"}],"about":[{"href":"https:\/\/hablemosclarotdf.com.ar\/index.php?rest_route=\/wp\/v2\/types\/post"}],"author":[{"embeddable":true,"href":"https:\/\/hablemosclarotdf.com.ar\/index.php?rest_route=\/wp\/v2\/users\/1"}],"replies":[{"embeddable":true,"href":"https:\/\/hablemosclarotdf.com.ar\/index.php?rest_route=%2Fwp%2Fv2%2Fcomments&post=62611"}],"version-history":[{"count":1,"href":"https:\/\/hablemosclarotdf.com.ar\/index.php?rest_route=\/wp\/v2\/posts\/62611\/revisions"}],"predecessor-version":[{"id":62613,"href":"https:\/\/hablemosclarotdf.com.ar\/index.php?rest_route=\/wp\/v2\/posts\/62611\/revisions\/62613"}],"wp:featuredmedia":[{"embeddable":true,"href":"https:\/\/hablemosclarotdf.com.ar\/index.php?rest_route=\/wp\/v2\/media\/62612"}],"wp:attachment":[{"href":"https:\/\/hablemosclarotdf.com.ar\/index.php?rest_route=%2Fwp%2Fv2%2Fmedia&parent=62611"}],"wp:term":[{"taxonomy":"category","embeddable":true,"href":"https:\/\/hablemosclarotdf.com.ar\/index.php?rest_route=%2Fwp%2Fv2%2Fcategories&post=62611"},{"taxonomy":"post_tag","embeddable":true,"href":"https:\/\/hablemosclarotdf.com.ar\/index.php?rest_route=%2Fwp%2Fv2%2Ftags&post=62611"}],"curies":[{"name":"wp","href":"https:\/\/api.w.org\/{rel}","templated":true}]}}