{"id":62582,"date":"2025-12-19T18:44:25","date_gmt":"2025-12-19T21:44:25","guid":{"rendered":"https:\/\/hablemosclarotdf.com.ar\/?p=62582"},"modified":"2025-12-19T18:44:25","modified_gmt":"2025-12-19T21:44:25","slug":"verano-para-aprender-acompanamiento-pedagogico-creatividad-e-inteligencia-artificial-para-estudiantes-de-la-provincia","status":"publish","type":"post","link":"https:\/\/hablemosclarotdf.com.ar\/?p=62582","title":{"rendered":"VERANO PARA APRENDER: ACOMPA\u00d1AMIENTO PEDAG\u00d3GICO, CREATIVIDAD E INTELIGENCIA ARTIFICIAL PARA ESTUDIANTES DE LA PROVINCIA"},"content":{"rendered":"<p>Durante el verano, el Gobierno de la Provincia desplegar\u00e1 una agenda de propuestas educativas destinadas a estudiantes de primaria y secundaria, con el objetivo de fortalecer aprendizajes y acompa\u00f1ar las trayectorias escolares m\u00e1s all\u00e1 del calendario tradicional.<\/p>\n<p>Las iniciativas permitir\u00e1n fortalecer contenidos de lengua y matem\u00e1tica, al tiempo que ofrecer\u00e1n espacios did\u00e1cticos y recreativos pensados para aprender de una manera diferente.<\/p>\n<p>La propuesta de verano se esta socializando a las familias, quienes pre inscribieron a sus hijos e hijas en las escuelas p\u00fablicas de la provincia mediante sus equipos docentes y directivos. aunque tambi\u00e9n se encuentra abierta a quienes deseen sumarse mediante contacto directo a partir del lunes 22 de diciembre a trav\u00e9s de:<\/p>\n<p>Mail: escuelasdeverano@tdf.edu.ar<br \/>\nTel. RG\/TOLH: 2964574037<br \/>\nTel USH: 2901305060<\/p>\n<p>Uno de los ejes centrales, que comenzar\u00e1 el 5 de enero en distintas instituciones de las tres ciudades de la provincia, se brindar\u00e1 apoyo escolar, refuerzo de contenidos y se incorporar\u00e1 el uso de herramientas digitales e inteligencia artificial, con el objetivo de que cada estudiante pueda aprender a su propio ritmo.<\/p>\n<p>Adem\u00e1s, se desarrollar\u00e1n talleres destinados tanto a estudiantes como a docentes sobre el uso de la IA dentro y fuera del aula, junto con actividades vinculadas al arte, la ciencia y la tecnolog\u00eda, con foco en la creatividad, a trav\u00e9s de las Plazas Alegres.<\/p>\n<p>En paralelo, continuar\u00e1 el programa Aprendo en mi barrio, que ofrece clases y acompa\u00f1amiento educativo en centros barriales y comunitarios, especialmente orientado a estudiantes en situaci\u00f3n de vulnerabilidad. La propuesta se lleva adelante de manera articulada con clubes, organizaciones sociales y espacios culturales.<\/p>\n<p>Estas acciones buscan ampliar oportunidades y brindar m\u00e1s apoyo y herramientas para que cada chico, cada chica y cada docente puedan aprender, crear y crecer.<\/p>\n<p>Se trata de un trabajo articulado dentro de las propuestas que el Gobierno provincial estar\u00e1 brindando durante el receso de verano, como alternativa a la recreaci\u00f3n y el tiempo libre de los chicos y chicas de la provincia que cada a\u00f1o se organizan.<\/p>\n<p>Finalmente, se inform\u00f3 que el inicio del Ciclo Lectivo 2026 comenzar\u00e1 el 24 de febrero, con el objetivo de garantizar una planificaci\u00f3n ordenada desde el primer d\u00eda de clases.<\/p>\n<p><img loading=\"lazy\" decoding=\"async\" class=\"alignnone size-medium wp-image-62584\" src=\"https:\/\/hablemosclarotdf.com.ar\/wp-content\/uploads\/2025\/12\/photo_2025-12-19_18-39-56-240x300.jpg\" alt=\"\" width=\"240\" height=\"300\" srcset=\"https:\/\/hablemosclarotdf.com.ar\/wp-content\/uploads\/2025\/12\/photo_2025-12-19_18-39-56-240x300.jpg 240w, https:\/\/hablemosclarotdf.com.ar\/wp-content\/uploads\/2025\/12\/photo_2025-12-19_18-39-56-819x1024.jpg 819w, https:\/\/hablemosclarotdf.com.ar\/wp-content\/uploads\/2025\/12\/photo_2025-12-19_18-39-56-768x960.jpg 768w, https:\/\/hablemosclarotdf.com.ar\/wp-content\/uploads\/2025\/12\/photo_2025-12-19_18-39-56.jpg 1024w\" sizes=\"auto, (max-width: 240px) 100vw, 240px\" \/> <img loading=\"lazy\" decoding=\"async\" class=\"alignnone size-medium wp-image-62585\" src=\"https:\/\/hablemosclarotdf.com.ar\/wp-content\/uploads\/2025\/12\/photo_2025-12-19_18-39-47-240x300.jpg\" alt=\"\" width=\"240\" height=\"300\" srcset=\"https:\/\/hablemosclarotdf.com.ar\/wp-content\/uploads\/2025\/12\/photo_2025-12-19_18-39-47-240x300.jpg 240w, https:\/\/hablemosclarotdf.com.ar\/wp-content\/uploads\/2025\/12\/photo_2025-12-19_18-39-47-819x1024.jpg 819w, https:\/\/hablemosclarotdf.com.ar\/wp-content\/uploads\/2025\/12\/photo_2025-12-19_18-39-47-768x960.jpg 768w, https:\/\/hablemosclarotdf.com.ar\/wp-content\/uploads\/2025\/12\/photo_2025-12-19_18-39-47.jpg 1024w\" sizes=\"auto, (max-width: 240px) 100vw, 240px\" \/> <img loading=\"lazy\" decoding=\"async\" class=\"alignnone size-medium wp-image-62586\" src=\"https:\/\/hablemosclarotdf.com.ar\/wp-content\/uploads\/2025\/12\/photo_2025-12-19_18-39-39-300x200.jpg\" alt=\"\" width=\"300\" height=\"200\" srcset=\"https:\/\/hablemosclarotdf.com.ar\/wp-content\/uploads\/2025\/12\/photo_2025-12-19_18-39-39-300x200.jpg 300w, https:\/\/hablemosclarotdf.com.ar\/wp-content\/uploads\/2025\/12\/photo_2025-12-19_18-39-39-1024x682.jpg 1024w, https:\/\/hablemosclarotdf.com.ar\/wp-content\/uploads\/2025\/12\/photo_2025-12-19_18-39-39-768x512.jpg 768w, https:\/\/hablemosclarotdf.com.ar\/wp-content\/uploads\/2025\/12\/photo_2025-12-19_18-39-39.jpg 1280w\" sizes=\"auto, (max-width: 300px) 100vw, 300px\" \/><\/p>\n","protected":false},"excerpt":{"rendered":"<p>Durante el verano, el Gobierno de la Provincia desplegar\u00e1 una agenda de propuestas educativas destinadas&#8230;<\/p>\n","protected":false},"author":1,"featured_media":62583,"comment_status":"closed","ping_status":"closed","sticky":false,"template":"","format":"standard","meta":{"footnotes":""},"categories":[3],"tags":[],"class_list":["post-62582","post","type-post","status-publish","format-standard","has-post-thumbnail","hentry","category-noticias"],"jetpack_featured_media_url":"https:\/\/hablemosclarotdf.com.ar\/wp-content\/uploads\/2025\/12\/photo_2025-12-19_18-39-36.jpg","_links":{"self":[{"href":"https:\/\/hablemosclarotdf.com.ar\/index.php?rest_route=\/wp\/v2\/posts\/62582","targetHints":{"allow":["GET"]}}],"collection":[{"href":"https:\/\/hablemosclarotdf.com.ar\/index.php?rest_route=\/wp\/v2\/posts"}],"about":[{"href":"https:\/\/hablemosclarotdf.com.ar\/index.php?rest_route=\/wp\/v2\/types\/post"}],"author":[{"embeddable":true,"href":"https:\/\/hablemosclarotdf.com.ar\/index.php?rest_route=\/wp\/v2\/users\/1"}],"replies":[{"embeddable":true,"href":"https:\/\/hablemosclarotdf.com.ar\/index.php?rest_route=%2Fwp%2Fv2%2Fcomments&post=62582"}],"version-history":[{"count":1,"href":"https:\/\/hablemosclarotdf.com.ar\/index.php?rest_route=\/wp\/v2\/posts\/62582\/revisions"}],"predecessor-version":[{"id":62587,"href":"https:\/\/hablemosclarotdf.com.ar\/index.php?rest_route=\/wp\/v2\/posts\/62582\/revisions\/62587"}],"wp:featuredmedia":[{"embeddable":true,"href":"https:\/\/hablemosclarotdf.com.ar\/index.php?rest_route=\/wp\/v2\/media\/62583"}],"wp:attachment":[{"href":"https:\/\/hablemosclarotdf.com.ar\/index.php?rest_route=%2Fwp%2Fv2%2Fmedia&parent=62582"}],"wp:term":[{"taxonomy":"category","embeddable":true,"href":"https:\/\/hablemosclarotdf.com.ar\/index.php?rest_route=%2Fwp%2Fv2%2Fcategories&post=62582"},{"taxonomy":"post_tag","embeddable":true,"href":"https:\/\/hablemosclarotdf.com.ar\/index.php?rest_route=%2Fwp%2Fv2%2Ftags&post=62582"}],"curies":[{"name":"wp","href":"https:\/\/api.w.org\/{rel}","templated":true}]}}