{"id":62559,"date":"2025-12-19T15:20:36","date_gmt":"2025-12-19T18:20:36","guid":{"rendered":"https:\/\/hablemosclarotdf.com.ar\/?p=62559"},"modified":"2025-12-19T15:20:36","modified_gmt":"2025-12-19T18:20:36","slug":"ushuaia-veni-a-sacarte-una-foto-con-papa-noel-en-la-expo-emprendiendo-navidad","status":"publish","type":"post","link":"https:\/\/hablemosclarotdf.com.ar\/?p=62559","title":{"rendered":"USHUAIA : VEN\u00cd A SACARTE UNA FOTO CON PAP\u00c1 NOEL EN LA EXPO \u201cEMPRENDIENDO NAVIDAD\u201d"},"content":{"rendered":"<p>La Municipalidad de Ushuaia invita a los vecinos y vecinas a participar de una propuesta especial para toda la familia: sacarse una foto con Pap\u00e1 Noel, en el marco de la Expo \u201cEmprendiendo Navidad\u201d, la cual tendr\u00e1 lugar el s\u00e1bado 20.<br \/>\nLa actividad ser\u00e1 libre y gratuita y tendr\u00e1 lugar desde las 16 hasta las 20 horas, en el Microestadio \u201cCochoco\u201d Vargas. Durante la jornada, ni\u00f1as, ni\u00f1os y familias podr\u00e1n acercarse para compartir un momento festivo y llevarse el tradicional recuerdo navide\u00f1o.<br \/>\nEsta propuesta se suma a las actividades impulsadas por el municipio en el marco de la Expo Emprendiendo Navidad, que re\u00fane a emprendedores y emprendedoras locales, con el objetivo de promover el consumo local, entendiendo la importancia de generar espacios de encuentro comunitario en v\u00edsperas de las fiestas.<br \/>\nPor esa raz\u00f3n, se invita a la comunidad a acercarse para disfrutar de la Expo y vivir la magia de la Navidad en familia.<\/p>\n","protected":false},"excerpt":{"rendered":"<p>La Municipalidad de Ushuaia invita a los vecinos y vecinas a participar de una propuesta&#8230;<\/p>\n","protected":false},"author":1,"featured_media":62560,"comment_status":"closed","ping_status":"closed","sticky":false,"template":"","format":"standard","meta":{"footnotes":""},"categories":[3],"tags":[],"class_list":["post-62559","post","type-post","status-publish","format-standard","has-post-thumbnail","hentry","category-noticias"],"jetpack_featured_media_url":"https:\/\/hablemosclarotdf.com.ar\/wp-content\/uploads\/2025\/12\/photo_2025-12-19_15-19-53.jpg","_links":{"self":[{"href":"https:\/\/hablemosclarotdf.com.ar\/index.php?rest_route=\/wp\/v2\/posts\/62559","targetHints":{"allow":["GET"]}}],"collection":[{"href":"https:\/\/hablemosclarotdf.com.ar\/index.php?rest_route=\/wp\/v2\/posts"}],"about":[{"href":"https:\/\/hablemosclarotdf.com.ar\/index.php?rest_route=\/wp\/v2\/types\/post"}],"author":[{"embeddable":true,"href":"https:\/\/hablemosclarotdf.com.ar\/index.php?rest_route=\/wp\/v2\/users\/1"}],"replies":[{"embeddable":true,"href":"https:\/\/hablemosclarotdf.com.ar\/index.php?rest_route=%2Fwp%2Fv2%2Fcomments&post=62559"}],"version-history":[{"count":1,"href":"https:\/\/hablemosclarotdf.com.ar\/index.php?rest_route=\/wp\/v2\/posts\/62559\/revisions"}],"predecessor-version":[{"id":62561,"href":"https:\/\/hablemosclarotdf.com.ar\/index.php?rest_route=\/wp\/v2\/posts\/62559\/revisions\/62561"}],"wp:featuredmedia":[{"embeddable":true,"href":"https:\/\/hablemosclarotdf.com.ar\/index.php?rest_route=\/wp\/v2\/media\/62560"}],"wp:attachment":[{"href":"https:\/\/hablemosclarotdf.com.ar\/index.php?rest_route=%2Fwp%2Fv2%2Fmedia&parent=62559"}],"wp:term":[{"taxonomy":"category","embeddable":true,"href":"https:\/\/hablemosclarotdf.com.ar\/index.php?rest_route=%2Fwp%2Fv2%2Fcategories&post=62559"},{"taxonomy":"post_tag","embeddable":true,"href":"https:\/\/hablemosclarotdf.com.ar\/index.php?rest_route=%2Fwp%2Fv2%2Ftags&post=62559"}],"curies":[{"name":"wp","href":"https:\/\/api.w.org\/{rel}","templated":true}]}}