{"id":62531,"date":"2025-12-19T14:13:12","date_gmt":"2025-12-19T17:13:12","guid":{"rendered":"https:\/\/hablemosclarotdf.com.ar\/?p=62531"},"modified":"2025-12-19T14:13:12","modified_gmt":"2025-12-19T17:13:12","slug":"ushuaia-la-expo-emprendiendo-navidad-y-el-mercado-concentrador-estaran-desde-el-sabado-en-el-cochocho-vargas","status":"publish","type":"post","link":"https:\/\/hablemosclarotdf.com.ar\/?p=62531","title":{"rendered":"USHUAIA : LA EXPO EMPRENDIENDO NAVIDAD Y EL MERCADO CONCENTRADOR ESTAR\u00c1N DESDE EL S\u00c1BADO EN EL \u201cCOCHOCHO\u201d VARGAS"},"content":{"rendered":"<p>Iniciativa del municipio de Ushuaia<\/p>\n<p>Desde este s\u00e1bado 20 hasta el martes 23 de diciembrese realizar\u00e1 en las instalaciones del microestadio municipal Jos\u00e9 \u201cCochocho\u201d Vargas la Expo Emprendiendo Navidad, organizada por la Municipalidad de Ushuaia.<br \/>\nDurante las cuatro jornadas, de 14 a 20, los vecinos y vecinas de la ciudad podr\u00e1n acceder a una variada oferta de productos elaborados por emprendedores locales, en un espacio que tiene como objetivo fortalecer la econom\u00eda local y promover el consumo responsable.<br \/>\nAdem\u00e1s, estar\u00e1 presente el Mercado Concentrador con su habitual oferta de productos de carnicer\u00eda, verduler\u00eda, panificados, veganos y sin TACC, gastronom\u00eda y limpieza, entre otros.<br \/>\nLa secretaria de Pol\u00edticas Sociales, Sanitarias y Derechos Humanos del Municipio, Yanira Mart\u00ednez, destac\u00f3 a la Expo y al Mercado como \u201cun espacio de encuentro comunitario en el que los emprendedores pueden visibilizar su trabajo, y los vecinos y vecinas acceder a productos de calidad y a buen precio\u201d.<\/p>\n","protected":false},"excerpt":{"rendered":"<p>Iniciativa del municipio de Ushuaia Desde este s\u00e1bado 20 hasta el martes 23 de diciembrese&#8230;<\/p>\n","protected":false},"author":1,"featured_media":62532,"comment_status":"closed","ping_status":"closed","sticky":false,"template":"","format":"standard","meta":{"footnotes":""},"categories":[3],"tags":[],"class_list":["post-62531","post","type-post","status-publish","format-standard","has-post-thumbnail","hentry","category-noticias"],"jetpack_featured_media_url":"https:\/\/hablemosclarotdf.com.ar\/wp-content\/uploads\/2025\/12\/photo_2025-12-19_14-12-01.jpg","_links":{"self":[{"href":"https:\/\/hablemosclarotdf.com.ar\/index.php?rest_route=\/wp\/v2\/posts\/62531","targetHints":{"allow":["GET"]}}],"collection":[{"href":"https:\/\/hablemosclarotdf.com.ar\/index.php?rest_route=\/wp\/v2\/posts"}],"about":[{"href":"https:\/\/hablemosclarotdf.com.ar\/index.php?rest_route=\/wp\/v2\/types\/post"}],"author":[{"embeddable":true,"href":"https:\/\/hablemosclarotdf.com.ar\/index.php?rest_route=\/wp\/v2\/users\/1"}],"replies":[{"embeddable":true,"href":"https:\/\/hablemosclarotdf.com.ar\/index.php?rest_route=%2Fwp%2Fv2%2Fcomments&post=62531"}],"version-history":[{"count":1,"href":"https:\/\/hablemosclarotdf.com.ar\/index.php?rest_route=\/wp\/v2\/posts\/62531\/revisions"}],"predecessor-version":[{"id":62533,"href":"https:\/\/hablemosclarotdf.com.ar\/index.php?rest_route=\/wp\/v2\/posts\/62531\/revisions\/62533"}],"wp:featuredmedia":[{"embeddable":true,"href":"https:\/\/hablemosclarotdf.com.ar\/index.php?rest_route=\/wp\/v2\/media\/62532"}],"wp:attachment":[{"href":"https:\/\/hablemosclarotdf.com.ar\/index.php?rest_route=%2Fwp%2Fv2%2Fmedia&parent=62531"}],"wp:term":[{"taxonomy":"category","embeddable":true,"href":"https:\/\/hablemosclarotdf.com.ar\/index.php?rest_route=%2Fwp%2Fv2%2Fcategories&post=62531"},{"taxonomy":"post_tag","embeddable":true,"href":"https:\/\/hablemosclarotdf.com.ar\/index.php?rest_route=%2Fwp%2Fv2%2Ftags&post=62531"}],"curies":[{"name":"wp","href":"https:\/\/api.w.org\/{rel}","templated":true}]}}