{"id":62489,"date":"2025-12-18T19:04:51","date_gmt":"2025-12-18T22:04:51","guid":{"rendered":"https:\/\/hablemosclarotdf.com.ar\/?p=62489"},"modified":"2025-12-18T19:04:51","modified_gmt":"2025-12-18T22:04:51","slug":"c-d-tolhuin-actividad-legislativa-en-el-concejo-deliberante","status":"publish","type":"post","link":"https:\/\/hablemosclarotdf.com.ar\/?p=62489","title":{"rendered":"C.D.TOLHUIN : Actividad legislativa en el Concejo Deliberante"},"content":{"rendered":"<p>En el marco del trabajo previo a la 9\u00aa Sesi\u00f3n Ordinaria del Per\u00edodo Legislativo 2025, el Concejo Deliberante de Tolhuin llev\u00f3 adelante una reuni\u00f3n parlamentaria y reuniones de comisiones, donde se avanz\u00f3 en el an\u00e1lisis de distintos proyectos.<br \/>\n.<br \/>\nEn comisi\u00f3n se trat\u00f3 el proyecto de Tarifaria, a partir de modificaciones remitidas por el Departamento Ejecutivo, y se retom\u00f3 el an\u00e1lisis del pedido de hect\u00e1reas de tierras fiscales. En ambos casos, los proyectos contin\u00faan en comisi\u00f3n, a la espera de informaci\u00f3n complementaria.<br \/>\n.<br \/>\nLa Sesi\u00f3n Ordinaria se realizar\u00e1 ma\u00f1ana a las 12 horas y ser\u00e1 transmitida en vivo por el canal de YouTube del Concejo Deliberante, como es habitual.<\/p>\n<p><img loading=\"lazy\" decoding=\"async\" class=\"alignnone size-medium wp-image-62491\" src=\"https:\/\/hablemosclarotdf.com.ar\/wp-content\/uploads\/2025\/12\/photo_2025-12-18_19-03-35-300x224.jpg\" alt=\"\" width=\"300\" height=\"224\" srcset=\"https:\/\/hablemosclarotdf.com.ar\/wp-content\/uploads\/2025\/12\/photo_2025-12-18_19-03-35-300x224.jpg 300w, https:\/\/hablemosclarotdf.com.ar\/wp-content\/uploads\/2025\/12\/photo_2025-12-18_19-03-35-1024x766.jpg 1024w, https:\/\/hablemosclarotdf.com.ar\/wp-content\/uploads\/2025\/12\/photo_2025-12-18_19-03-35-768x574.jpg 768w, https:\/\/hablemosclarotdf.com.ar\/wp-content\/uploads\/2025\/12\/photo_2025-12-18_19-03-35.jpg 1280w\" sizes=\"auto, (max-width: 300px) 100vw, 300px\" \/> <img loading=\"lazy\" decoding=\"async\" class=\"alignnone size-medium wp-image-62492\" src=\"https:\/\/hablemosclarotdf.com.ar\/wp-content\/uploads\/2025\/12\/photo_2025-12-18_19-03-39-300x225.jpg\" alt=\"\" width=\"300\" height=\"225\" srcset=\"https:\/\/hablemosclarotdf.com.ar\/wp-content\/uploads\/2025\/12\/photo_2025-12-18_19-03-39-300x225.jpg 300w, https:\/\/hablemosclarotdf.com.ar\/wp-content\/uploads\/2025\/12\/photo_2025-12-18_19-03-39-1024x769.jpg 1024w, https:\/\/hablemosclarotdf.com.ar\/wp-content\/uploads\/2025\/12\/photo_2025-12-18_19-03-39-768x576.jpg 768w, https:\/\/hablemosclarotdf.com.ar\/wp-content\/uploads\/2025\/12\/photo_2025-12-18_19-03-39.jpg 1199w\" sizes=\"auto, (max-width: 300px) 100vw, 300px\" \/> <img loading=\"lazy\" decoding=\"async\" class=\"alignnone size-medium wp-image-62493\" src=\"https:\/\/hablemosclarotdf.com.ar\/wp-content\/uploads\/2025\/12\/photo_2025-12-18_19-03-50-300x225.jpg\" alt=\"\" width=\"300\" height=\"225\" srcset=\"https:\/\/hablemosclarotdf.com.ar\/wp-content\/uploads\/2025\/12\/photo_2025-12-18_19-03-50-300x225.jpg 300w, https:\/\/hablemosclarotdf.com.ar\/wp-content\/uploads\/2025\/12\/photo_2025-12-18_19-03-50-1024x768.jpg 1024w, https:\/\/hablemosclarotdf.com.ar\/wp-content\/uploads\/2025\/12\/photo_2025-12-18_19-03-50-768x576.jpg 768w, https:\/\/hablemosclarotdf.com.ar\/wp-content\/uploads\/2025\/12\/photo_2025-12-18_19-03-50.jpg 1280w\" sizes=\"auto, (max-width: 300px) 100vw, 300px\" \/><\/p>\n","protected":false},"excerpt":{"rendered":"<p>En el marco del trabajo previo a la 9\u00aa Sesi\u00f3n Ordinaria del Per\u00edodo Legislativo 2025,&#8230;<\/p>\n","protected":false},"author":1,"featured_media":62490,"comment_status":"closed","ping_status":"closed","sticky":false,"template":"","format":"standard","meta":{"footnotes":""},"categories":[3],"tags":[],"class_list":["post-62489","post","type-post","status-publish","format-standard","has-post-thumbnail","hentry","category-noticias"],"jetpack_featured_media_url":"https:\/\/hablemosclarotdf.com.ar\/wp-content\/uploads\/2025\/12\/photo_2025-12-18_19-00-40.jpg","_links":{"self":[{"href":"https:\/\/hablemosclarotdf.com.ar\/index.php?rest_route=\/wp\/v2\/posts\/62489","targetHints":{"allow":["GET"]}}],"collection":[{"href":"https:\/\/hablemosclarotdf.com.ar\/index.php?rest_route=\/wp\/v2\/posts"}],"about":[{"href":"https:\/\/hablemosclarotdf.com.ar\/index.php?rest_route=\/wp\/v2\/types\/post"}],"author":[{"embeddable":true,"href":"https:\/\/hablemosclarotdf.com.ar\/index.php?rest_route=\/wp\/v2\/users\/1"}],"replies":[{"embeddable":true,"href":"https:\/\/hablemosclarotdf.com.ar\/index.php?rest_route=%2Fwp%2Fv2%2Fcomments&post=62489"}],"version-history":[{"count":1,"href":"https:\/\/hablemosclarotdf.com.ar\/index.php?rest_route=\/wp\/v2\/posts\/62489\/revisions"}],"predecessor-version":[{"id":62494,"href":"https:\/\/hablemosclarotdf.com.ar\/index.php?rest_route=\/wp\/v2\/posts\/62489\/revisions\/62494"}],"wp:featuredmedia":[{"embeddable":true,"href":"https:\/\/hablemosclarotdf.com.ar\/index.php?rest_route=\/wp\/v2\/media\/62490"}],"wp:attachment":[{"href":"https:\/\/hablemosclarotdf.com.ar\/index.php?rest_route=%2Fwp%2Fv2%2Fmedia&parent=62489"}],"wp:term":[{"taxonomy":"category","embeddable":true,"href":"https:\/\/hablemosclarotdf.com.ar\/index.php?rest_route=%2Fwp%2Fv2%2Fcategories&post=62489"},{"taxonomy":"post_tag","embeddable":true,"href":"https:\/\/hablemosclarotdf.com.ar\/index.php?rest_route=%2Fwp%2Fv2%2Ftags&post=62489"}],"curies":[{"name":"wp","href":"https:\/\/api.w.org\/{rel}","templated":true}]}}