{"id":62481,"date":"2025-12-18T18:57:39","date_gmt":"2025-12-18T21:57:39","guid":{"rendered":"https:\/\/hablemosclarotdf.com.ar\/?p=62481"},"modified":"2025-12-18T18:57:39","modified_gmt":"2025-12-18T21:57:39","slug":"zona-austral-resiliente-tierra-del-fuego-avanza-en-la-construccion-de-un-sistema-binacional-de-prevencion-y-respuesta-ante-emergencias-sismicas","status":"publish","type":"post","link":"https:\/\/hablemosclarotdf.com.ar\/?p=62481","title":{"rendered":"\u201cZONA AUSTRAL RESILIENTE\u201d: TIERRA DEL FUEGO AVANZA EN LA CONSTRUCCI\u00d3N DE UN SISTEMA BINACIONAL DE PREVENCI\u00d3N Y RESPUESTA ANTE EMERGENCIAS S\u00cdSMICAS"},"content":{"rendered":"<p>El Gobierno de Tierra del Fuego present\u00f3 el proyecto binacional \u201cZona Austral Resiliente\u201d, una iniciativa estrat\u00e9gica que permitir\u00e1 fortalecer de manera sostenida las capacidades institucionales y comunitarias de prevenci\u00f3n, preparaci\u00f3n y respuesta frente a sismos y tsunamis, a partir del trabajo conjunto entre Argentina y Chile.<\/p>\n<p>La propuesta es articulada entre la Secretar\u00eda de Protecci\u00f3n Civil y la Secretar\u00eda de Malvinas, Ant\u00e1rtida, Islas del Atl\u00e1ntico Sur y Asuntos Internacionales, y fue seleccionada en la \u201cV Convocatoria de Proyectos de Cooperaci\u00f3n Descentralizada Argentina\u2013Chile 2025\u201d, impulsada por la Agencia Chilena de Cooperaci\u00f3n Internacional para el Desarrollo (AGCID) y la Direcci\u00f3n Nacional de Cooperaci\u00f3n Internacional de la Canciller\u00eda argentina.<\/p>\n<p>En los pr\u00f3ximos meses, el proyecto se desarrollar\u00e1 junto a la Regi\u00f3n de Magallanes y de la Ant\u00e1rtica Chilena, con una agenda de trabajo com\u00fan orientada a consolidar una gesti\u00f3n integral del riesgo en la zona austral. Entre las l\u00edneas de acci\u00f3n previstas se destacan el diagn\u00f3stico actualizado de amenazas a nivel provincial, la revisi\u00f3n y fortalecimiento de protocolos de actuaci\u00f3n ante emergencias y la implementaci\u00f3n de simulacros piloto que permitan mejorar la capacidad de respuesta en territorio.<\/p>\n<p>El secretario de Malvinas, Ant\u00e1rtida, Islas del Atl\u00e1ntico Sur y Asuntos Internacionales, Andr\u00e9s Dachary, destac\u00f3 que \u201ceste proyecto nos permite transformar la cooperaci\u00f3n en resultados concretos para la vida cotidiana de las y los fueguinos, mejorando nuestra preparaci\u00f3n ante emergencias y fortaleciendo la articulaci\u00f3n con la Regi\u00f3n de Magallanes\u201d.<\/p>\n<p>Asimismo, subray\u00f3 que \u201cla construcci\u00f3n de una cultura de autoprotecci\u00f3n requiere planificaci\u00f3n, formaci\u00f3n y simulacros, pero sobre todo trabajo conjunto entre los gobiernos, las instituciones especializadas y la comunidad\u201d.<\/p>\n","protected":false},"excerpt":{"rendered":"<p>El Gobierno de Tierra del Fuego present\u00f3 el proyecto binacional \u201cZona Austral Resiliente\u201d, una iniciativa&#8230;<\/p>\n","protected":false},"author":1,"featured_media":62482,"comment_status":"closed","ping_status":"closed","sticky":false,"template":"","format":"standard","meta":{"footnotes":""},"categories":[3],"tags":[],"class_list":["post-62481","post","type-post","status-publish","format-standard","has-post-thumbnail","hentry","category-noticias"],"jetpack_featured_media_url":"https:\/\/hablemosclarotdf.com.ar\/wp-content\/uploads\/2025\/12\/photo_2025-12-18_18-55-57.jpg","_links":{"self":[{"href":"https:\/\/hablemosclarotdf.com.ar\/index.php?rest_route=\/wp\/v2\/posts\/62481","targetHints":{"allow":["GET"]}}],"collection":[{"href":"https:\/\/hablemosclarotdf.com.ar\/index.php?rest_route=\/wp\/v2\/posts"}],"about":[{"href":"https:\/\/hablemosclarotdf.com.ar\/index.php?rest_route=\/wp\/v2\/types\/post"}],"author":[{"embeddable":true,"href":"https:\/\/hablemosclarotdf.com.ar\/index.php?rest_route=\/wp\/v2\/users\/1"}],"replies":[{"embeddable":true,"href":"https:\/\/hablemosclarotdf.com.ar\/index.php?rest_route=%2Fwp%2Fv2%2Fcomments&post=62481"}],"version-history":[{"count":1,"href":"https:\/\/hablemosclarotdf.com.ar\/index.php?rest_route=\/wp\/v2\/posts\/62481\/revisions"}],"predecessor-version":[{"id":62483,"href":"https:\/\/hablemosclarotdf.com.ar\/index.php?rest_route=\/wp\/v2\/posts\/62481\/revisions\/62483"}],"wp:featuredmedia":[{"embeddable":true,"href":"https:\/\/hablemosclarotdf.com.ar\/index.php?rest_route=\/wp\/v2\/media\/62482"}],"wp:attachment":[{"href":"https:\/\/hablemosclarotdf.com.ar\/index.php?rest_route=%2Fwp%2Fv2%2Fmedia&parent=62481"}],"wp:term":[{"taxonomy":"category","embeddable":true,"href":"https:\/\/hablemosclarotdf.com.ar\/index.php?rest_route=%2Fwp%2Fv2%2Fcategories&post=62481"},{"taxonomy":"post_tag","embeddable":true,"href":"https:\/\/hablemosclarotdf.com.ar\/index.php?rest_route=%2Fwp%2Fv2%2Ftags&post=62481"}],"curies":[{"name":"wp","href":"https:\/\/api.w.org\/{rel}","templated":true}]}}