{"id":62474,"date":"2025-12-18T18:51:01","date_gmt":"2025-12-18T21:51:01","guid":{"rendered":"https:\/\/hablemosclarotdf.com.ar\/?p=62474"},"modified":"2025-12-18T18:51:01","modified_gmt":"2025-12-18T21:51:01","slug":"rio-grande-en-2025-el-municipio-garantizo-el-boleto-estudiantil-a-mas-de-6-500-estudiantes-y-docentes-de-rio-grande","status":"publish","type":"post","link":"https:\/\/hablemosclarotdf.com.ar\/?p=62474","title":{"rendered":"RIO GRANDE : EN 2025, EL MUNICIPIO GARANTIZ\u00d3 EL BOLETO ESTUDIANTIL A M\u00c1S DE 6.500 ESTUDIANTES Y DOCENTES DE R\u00cdO GRANDE"},"content":{"rendered":"<p>La cifra corresponde al desarrollo del Ciclo Lectivo 2025. Cabe destacar que los vecinos y vecinas beneficiarios del Boleto Estudiantil recibieron, a lo largo del a\u00f1o en sus respectivas tarjetas Subes, el saldo que desde el Municipio se aport\u00f3 para garantizar este beneficio, reafirmando su compromiso con el derecho a la educaci\u00f3n y la igualdad de oportunidades.<\/p>\n<p>Pese al complejo contexto socio-econ\u00f3mico, el Municipio de R\u00edo Grande realiz\u00f3 un importante esfuerzo para sostener los beneficios destinados a usuarios y usuarias del transporte p\u00fablico de pasajeros, destinando recursos propios pese a la falta de subsidios tanto del Gobierno Nacional como Provincial.<\/p>\n<p>En este marco, durante el 2025, el Estado Municipal garantiz\u00f3 el acceso al Boleto Estudiantil a estudiantes de los niveles inicial, primaria, secundaria, terciario y universitario; como as\u00ed tambi\u00e9n a acompa\u00f1antes y docentes, fortaleciendo una pol\u00edtica p\u00fablica que promueve la inclusi\u00f3n y el acceso equitativo al transporte.<\/p>\n<p>De esta manera, m\u00e1s de 6.500 estudiantes y docentes de R\u00edo Grande pudieron hacer uso del transporte p\u00fablico para asistir diariamente a los establecimientos educativos, tanto para formarse como para desempe\u00f1ar sus tareas laborales.<\/p>\n<p>Es de mencionar que este importante beneficio de boletos gratuitos alcanza tambi\u00e9n a pacientes oncol\u00f3gicos, adultos mayores, jubilados y pensionados, Veteranos de Guerra, Bomberos Voluntarios y deportistas.<\/p>\n<p>Desde el Estado Municipal se reafirma, una vez m\u00e1s, el compromiso de acompa\u00f1ar a las y los vecinos que utilizan el transporte p\u00fablico, sosteniendo pol\u00edticas que garantizan derechos y contribuyen al desarrollo integral de la comunidad.<\/p>\n<p><img loading=\"lazy\" decoding=\"async\" class=\"alignnone size-medium wp-image-62476\" src=\"https:\/\/hablemosclarotdf.com.ar\/wp-content\/uploads\/2025\/12\/photo_2025-12-18_18-49-45-300x200.jpg\" alt=\"\" width=\"300\" height=\"200\" srcset=\"https:\/\/hablemosclarotdf.com.ar\/wp-content\/uploads\/2025\/12\/photo_2025-12-18_18-49-45-300x200.jpg 300w, https:\/\/hablemosclarotdf.com.ar\/wp-content\/uploads\/2025\/12\/photo_2025-12-18_18-49-45-1024x682.jpg 1024w, https:\/\/hablemosclarotdf.com.ar\/wp-content\/uploads\/2025\/12\/photo_2025-12-18_18-49-45-768x512.jpg 768w, https:\/\/hablemosclarotdf.com.ar\/wp-content\/uploads\/2025\/12\/photo_2025-12-18_18-49-45.jpg 1280w\" sizes=\"auto, (max-width: 300px) 100vw, 300px\" \/> <img loading=\"lazy\" decoding=\"async\" class=\"alignnone size-medium wp-image-62477\" src=\"https:\/\/hablemosclarotdf.com.ar\/wp-content\/uploads\/2025\/12\/photo_2025-12-18_18-49-49-300x200.jpg\" alt=\"\" width=\"300\" height=\"200\" srcset=\"https:\/\/hablemosclarotdf.com.ar\/wp-content\/uploads\/2025\/12\/photo_2025-12-18_18-49-49-300x200.jpg 300w, https:\/\/hablemosclarotdf.com.ar\/wp-content\/uploads\/2025\/12\/photo_2025-12-18_18-49-49-1024x682.jpg 1024w, https:\/\/hablemosclarotdf.com.ar\/wp-content\/uploads\/2025\/12\/photo_2025-12-18_18-49-49-768x512.jpg 768w, https:\/\/hablemosclarotdf.com.ar\/wp-content\/uploads\/2025\/12\/photo_2025-12-18_18-49-49.jpg 1280w\" sizes=\"auto, (max-width: 300px) 100vw, 300px\" \/> <img loading=\"lazy\" decoding=\"async\" class=\"alignnone size-medium wp-image-62478\" src=\"https:\/\/hablemosclarotdf.com.ar\/wp-content\/uploads\/2025\/12\/photo_2025-12-18_18-49-53-300x214.jpg\" alt=\"\" width=\"300\" height=\"214\" srcset=\"https:\/\/hablemosclarotdf.com.ar\/wp-content\/uploads\/2025\/12\/photo_2025-12-18_18-49-53-300x214.jpg 300w, https:\/\/hablemosclarotdf.com.ar\/wp-content\/uploads\/2025\/12\/photo_2025-12-18_18-49-53-1024x730.jpg 1024w, https:\/\/hablemosclarotdf.com.ar\/wp-content\/uploads\/2025\/12\/photo_2025-12-18_18-49-53-768x548.jpg 768w, https:\/\/hablemosclarotdf.com.ar\/wp-content\/uploads\/2025\/12\/photo_2025-12-18_18-49-53.jpg 1280w\" sizes=\"auto, (max-width: 300px) 100vw, 300px\" \/> <img loading=\"lazy\" decoding=\"async\" class=\"alignnone size-medium wp-image-62479\" src=\"https:\/\/hablemosclarotdf.com.ar\/wp-content\/uploads\/2025\/12\/photo_2025-12-18_18-49-57-300x206.jpg\" alt=\"\" width=\"300\" height=\"206\" srcset=\"https:\/\/hablemosclarotdf.com.ar\/wp-content\/uploads\/2025\/12\/photo_2025-12-18_18-49-57-300x206.jpg 300w, https:\/\/hablemosclarotdf.com.ar\/wp-content\/uploads\/2025\/12\/photo_2025-12-18_18-49-57-1024x702.jpg 1024w, https:\/\/hablemosclarotdf.com.ar\/wp-content\/uploads\/2025\/12\/photo_2025-12-18_18-49-57-768x526.jpg 768w, https:\/\/hablemosclarotdf.com.ar\/wp-content\/uploads\/2025\/12\/photo_2025-12-18_18-49-57.jpg 1280w\" sizes=\"auto, (max-width: 300px) 100vw, 300px\" \/><\/p>\n","protected":false},"excerpt":{"rendered":"<p>La cifra corresponde al desarrollo del Ciclo Lectivo 2025. Cabe destacar que los vecinos y&#8230;<\/p>\n","protected":false},"author":1,"featured_media":62475,"comment_status":"closed","ping_status":"closed","sticky":false,"template":"","format":"standard","meta":{"footnotes":""},"categories":[3],"tags":[],"class_list":["post-62474","post","type-post","status-publish","format-standard","has-post-thumbnail","hentry","category-noticias"],"jetpack_featured_media_url":"https:\/\/hablemosclarotdf.com.ar\/wp-content\/uploads\/2025\/12\/photo_2025-12-18_18-49-40.jpg","_links":{"self":[{"href":"https:\/\/hablemosclarotdf.com.ar\/index.php?rest_route=\/wp\/v2\/posts\/62474","targetHints":{"allow":["GET"]}}],"collection":[{"href":"https:\/\/hablemosclarotdf.com.ar\/index.php?rest_route=\/wp\/v2\/posts"}],"about":[{"href":"https:\/\/hablemosclarotdf.com.ar\/index.php?rest_route=\/wp\/v2\/types\/post"}],"author":[{"embeddable":true,"href":"https:\/\/hablemosclarotdf.com.ar\/index.php?rest_route=\/wp\/v2\/users\/1"}],"replies":[{"embeddable":true,"href":"https:\/\/hablemosclarotdf.com.ar\/index.php?rest_route=%2Fwp%2Fv2%2Fcomments&post=62474"}],"version-history":[{"count":1,"href":"https:\/\/hablemosclarotdf.com.ar\/index.php?rest_route=\/wp\/v2\/posts\/62474\/revisions"}],"predecessor-version":[{"id":62480,"href":"https:\/\/hablemosclarotdf.com.ar\/index.php?rest_route=\/wp\/v2\/posts\/62474\/revisions\/62480"}],"wp:featuredmedia":[{"embeddable":true,"href":"https:\/\/hablemosclarotdf.com.ar\/index.php?rest_route=\/wp\/v2\/media\/62475"}],"wp:attachment":[{"href":"https:\/\/hablemosclarotdf.com.ar\/index.php?rest_route=%2Fwp%2Fv2%2Fmedia&parent=62474"}],"wp:term":[{"taxonomy":"category","embeddable":true,"href":"https:\/\/hablemosclarotdf.com.ar\/index.php?rest_route=%2Fwp%2Fv2%2Fcategories&post=62474"},{"taxonomy":"post_tag","embeddable":true,"href":"https:\/\/hablemosclarotdf.com.ar\/index.php?rest_route=%2Fwp%2Fv2%2Ftags&post=62474"}],"curies":[{"name":"wp","href":"https:\/\/api.w.org\/{rel}","templated":true}]}}