{"id":62463,"date":"2025-12-18T18:41:19","date_gmt":"2025-12-18T21:41:19","guid":{"rendered":"https:\/\/hablemosclarotdf.com.ar\/?p=62463"},"modified":"2025-12-18T18:41:19","modified_gmt":"2025-12-18T21:41:19","slug":"ushuaia-la-municipalidad-llevo-adelante-el-cierre-de-las-actividades-del-programa-construyendo-caminos","status":"publish","type":"post","link":"https:\/\/hablemosclarotdf.com.ar\/?p=62463","title":{"rendered":"USHUAIA : LA MUNICIPALIDAD  LLEV\u00d3 ADELANTE EL CIERRE DE LAS ACTIVIDADES DEL PROGRAMA \u201cCONSTRUYENDO CAMINOS\u201d"},"content":{"rendered":"<p>El programa alcanz\u00f3 a m\u00e1s de 3.000 familias a lo largo de 2025<\/p>\n<p>La Secretar\u00eda de Cultura y Educaci\u00f3n de la Municipalidad de Ushuaia llev\u00f3 adelante el cierre de las actividades del programa \u201cConstruyendo Caminos\u201d, iniciativa que puso a disposici\u00f3n de instituciones de nivel inicial y primario el Centro Cultural Esther Fadul para los festejos de egreso.<br \/>\nDicha iniciativa, que en 2025 alcanz\u00f3 a m\u00e1s de 3.000 familias de 15 instituciones educativas de gesti\u00f3n mixta y privada de nivel inicial y primario, brind\u00f3 las instalaciones, equipamiento y personal del Centro Cultural Esther Fadul para los festejos de egreso durante los meses de noviembre y diciembre. Desde su creaci\u00f3n en 2024, \u201cConstruyendo Caminos\u201d alcanz\u00f3 a 7.000 familias de toda la ciudad.<br \/>\nBel\u00e9n Molina, secretaria de Cultura y Educaci\u00f3n, destac\u00f3 que \u201cesta pol\u00edtica p\u00fablica impulsada por la gesti\u00f3n del intendente Walter Vuoto viene a acompa\u00f1ar a las familias y chicos y chicas en este momento tan importante como es el egreso de tanto el nivel inicial como primario, permiti\u00e9ndoles llevar adelante los actos de egreso y cierre de ciclo en el Esther Fadul con toda su t\u00e9cnica, log\u00edstica y ornamentaci\u00f3n para que puedan disfrutar plenamente este festejo\u201d.<br \/>\n\u201cSabiendo el complejo contexto econ\u00f3mico que atraviesa nuestro pa\u00eds, desde la Municipalidad consideramos como fundamental seguir acercando este beneficio buscando aliviar el bolsillo de las familias ushuaienses, manteniendo el trabajo articulado junto a las instituciones educativas de la ciudad, algo que reafirma nuestro compromiso con las infancias y con la educaci\u00f3n\u201d concluy\u00f3 Molina.<\/p>\n<p><img loading=\"lazy\" decoding=\"async\" class=\"alignnone size-medium wp-image-62465\" src=\"https:\/\/hablemosclarotdf.com.ar\/wp-content\/uploads\/2025\/12\/photo_2025-12-18_18-40-09-300x200.jpg\" alt=\"\" width=\"300\" height=\"200\" srcset=\"https:\/\/hablemosclarotdf.com.ar\/wp-content\/uploads\/2025\/12\/photo_2025-12-18_18-40-09-300x200.jpg 300w, https:\/\/hablemosclarotdf.com.ar\/wp-content\/uploads\/2025\/12\/photo_2025-12-18_18-40-09-1024x682.jpg 1024w, https:\/\/hablemosclarotdf.com.ar\/wp-content\/uploads\/2025\/12\/photo_2025-12-18_18-40-09-768x512.jpg 768w, https:\/\/hablemosclarotdf.com.ar\/wp-content\/uploads\/2025\/12\/photo_2025-12-18_18-40-09.jpg 1280w\" sizes=\"auto, (max-width: 300px) 100vw, 300px\" \/> <img loading=\"lazy\" decoding=\"async\" class=\"alignnone size-medium wp-image-62466\" src=\"https:\/\/hablemosclarotdf.com.ar\/wp-content\/uploads\/2025\/12\/photo_2025-12-18_18-40-25-200x300.jpg\" alt=\"\" width=\"200\" height=\"300\" srcset=\"https:\/\/hablemosclarotdf.com.ar\/wp-content\/uploads\/2025\/12\/photo_2025-12-18_18-40-25-200x300.jpg 200w, https:\/\/hablemosclarotdf.com.ar\/wp-content\/uploads\/2025\/12\/photo_2025-12-18_18-40-25-683x1024.jpg 683w, https:\/\/hablemosclarotdf.com.ar\/wp-content\/uploads\/2025\/12\/photo_2025-12-18_18-40-25-768x1151.jpg 768w, https:\/\/hablemosclarotdf.com.ar\/wp-content\/uploads\/2025\/12\/photo_2025-12-18_18-40-25.jpg 854w\" sizes=\"auto, (max-width: 200px) 100vw, 200px\" \/><\/p>\n","protected":false},"excerpt":{"rendered":"<p>El programa alcanz\u00f3 a m\u00e1s de 3.000 familias a lo largo de 2025 La Secretar\u00eda&#8230;<\/p>\n","protected":false},"author":1,"featured_media":62464,"comment_status":"closed","ping_status":"closed","sticky":false,"template":"","format":"standard","meta":{"footnotes":""},"categories":[3],"tags":[],"class_list":["post-62463","post","type-post","status-publish","format-standard","has-post-thumbnail","hentry","category-noticias"],"jetpack_featured_media_url":"https:\/\/hablemosclarotdf.com.ar\/wp-content\/uploads\/2025\/12\/photo_2025-12-18_18-40-01.jpg","_links":{"self":[{"href":"https:\/\/hablemosclarotdf.com.ar\/index.php?rest_route=\/wp\/v2\/posts\/62463","targetHints":{"allow":["GET"]}}],"collection":[{"href":"https:\/\/hablemosclarotdf.com.ar\/index.php?rest_route=\/wp\/v2\/posts"}],"about":[{"href":"https:\/\/hablemosclarotdf.com.ar\/index.php?rest_route=\/wp\/v2\/types\/post"}],"author":[{"embeddable":true,"href":"https:\/\/hablemosclarotdf.com.ar\/index.php?rest_route=\/wp\/v2\/users\/1"}],"replies":[{"embeddable":true,"href":"https:\/\/hablemosclarotdf.com.ar\/index.php?rest_route=%2Fwp%2Fv2%2Fcomments&post=62463"}],"version-history":[{"count":1,"href":"https:\/\/hablemosclarotdf.com.ar\/index.php?rest_route=\/wp\/v2\/posts\/62463\/revisions"}],"predecessor-version":[{"id":62467,"href":"https:\/\/hablemosclarotdf.com.ar\/index.php?rest_route=\/wp\/v2\/posts\/62463\/revisions\/62467"}],"wp:featuredmedia":[{"embeddable":true,"href":"https:\/\/hablemosclarotdf.com.ar\/index.php?rest_route=\/wp\/v2\/media\/62464"}],"wp:attachment":[{"href":"https:\/\/hablemosclarotdf.com.ar\/index.php?rest_route=%2Fwp%2Fv2%2Fmedia&parent=62463"}],"wp:term":[{"taxonomy":"category","embeddable":true,"href":"https:\/\/hablemosclarotdf.com.ar\/index.php?rest_route=%2Fwp%2Fv2%2Fcategories&post=62463"},{"taxonomy":"post_tag","embeddable":true,"href":"https:\/\/hablemosclarotdf.com.ar\/index.php?rest_route=%2Fwp%2Fv2%2Ftags&post=62463"}],"curies":[{"name":"wp","href":"https:\/\/api.w.org\/{rel}","templated":true}]}}